{"id":222060,"date":"2025-06-20T07:45:55","date_gmt":"2025-06-20T14:45:55","guid":{"rendered":"https:\/\/rnoticias.com.mx\/Portal\/?p=222060"},"modified":"2025-06-20T07:45:55","modified_gmt":"2025-06-20T14:45:55","slug":"gobernador-durazo-cumple-a-familias-de-la-colonia-la-caridad-con-servicios-gratuitos-de-sonora-atiende","status":"publish","type":"post","link":"https:\/\/rnoticias.com.mx\/Portal\/2025\/06\/20\/gobernador-durazo-cumple-a-familias-de-la-colonia-la-caridad-con-servicios-gratuitos-de-sonora-atiende\/","title":{"rendered":"Gobernador Durazo cumple a familias de la colonia La Caridad con servicios gratuitos de \u201cSonora Atiende\u201d"},"content":{"rendered":"<p align=\"justify\">Hermosillo, Sonora; 20 de junio de 2025.- Las y los vecinos de la colonia La Caridad fueron beneficiados con tr\u00e1mites y servicios gratuitos que se ofrecieron durante la feria \u201cSonora Atiende\u201d, que lleg\u00f3 hasta su sector como parte del compromiso del gobernador Alfonso Durazo Monta\u00f1o de apoyar la econom\u00eda de los hogares y acercar a las comunidades m\u00e1s vulnerables las atenciones del gobierno del estado.<\/p>\n<p align=\"justify\">Desde las 6 de la tarde el parque del P\u00edpila y Arcelia Moraga se convirti\u00f3 en el punto de encuentro para familias que, sin salir de su colonia, pudieron acceder a m\u00e1s de 30 servicios gratuitos ofrecidos por distintas dependencias estatales y federales. El ambiente fue de cercan\u00eda y colaboraci\u00f3n, donde el objetivo principal fue resolver tr\u00e1mites de manera \u00e1gil y brindar atenci\u00f3n con calidez.<\/p>\n<p align=\"justify\">Evangelina Garc\u00eda aprovech\u00f3 que la feria de los servicios lleg\u00f3 a su colonia para solicitar los beneficios como persona con discapacidad y, adem\u00e1s, pudo adquirir sus lentes de descanso.<\/p>\n<p align=\"justify\">&#8220;Vine por los lentes y como yo soy una persona discapacitada vine a ver qu\u00e9 ayuda hay. Me parece muy bien, de hecho le avis\u00e9 a mi esposo para que viniera a checar lo de los lentes tambi\u00e9n&#8221;, coment\u00f3.<\/p>\n<p align=\"justify\">Mar\u00eda Garc\u00eda aprovech\u00f3 tambi\u00e9n la feria de los servicios para obtener sus lentes de descanso y, adicionalmente solicit\u00f3 un acta de nacimiento.<\/p>\n<p align=\"justify\">&#8220;Pues por los lentes y por el acta, ya para ver e informarme porque es muy bueno esto.\u00a0Fabuloso, me dio mucha alegr\u00eda, los perritos que est\u00e1n atendiendo, todo fabuloso estoy feliz. Muchas gracias, le agradecemos eternamente al gobernador Durazo&#8221;, expres\u00f3.<\/p>\n<p align=\"justify\">Por su parte Jos\u00e9 Ram\u00edrez tambi\u00e9n se benefici\u00f3 con unos lentes de descanso y aprovech\u00f3 tambi\u00e9n para obtener una despensa.<\/p>\n<p align=\"justify\">&#8220;Vengo aqu\u00ed por los lentes que dieron y una despensa. Me parece muy bien todo, nos ahorra vueltas de ir al centro y todo eso&#8221;, manifest\u00f3.<\/p>\n<p align=\"justify\">Entre los apoyos disponibles estuvieron consultas m\u00e9dicas, asesor\u00eda legal, orientaci\u00f3n para becas, tr\u00e1mites del registro civil, apoyos para mujeres, j\u00f3venes y personas mayores, as\u00ed como informaci\u00f3n \u00fatil para quienes buscan acceder a programas sociales. Todo sin costo, sin filas largas y sin complicaciones.<\/p>\n<p align=\"justify\">La jornada cont\u00f3 con la participaci\u00f3n activa de servidoras y servidores p\u00fablicos del Gobierno de Sonora, quienes acudieron personalmente a supervisar, coordinar y escuchar a la ciudadan\u00eda.<\/p>\n","protected":false},"excerpt":{"rendered":"<p>Hermosillo, Sonora; 20 de junio de 2025.- Las y los vecinos de la colonia La Caridad fueron beneficiados con tr\u00e1mites y servicios gratuitos que se ofrecieron durante la feria \u201cSonora Atiende\u201d, que lleg\u00f3 hasta su sector como parte del compromiso del gobernador Alfonso Durazo Monta\u00f1o de apoyar la econom\u00eda de los hogares y acercar a [&hellip;]<\/p>\n","protected":false},"author":2,"featured_media":222061,"comment_status":"closed","ping_status":"closed","sticky":false,"template":"","format":"standard","meta":{"footnotes":""},"categories":[12870,178],"tags":[12865,12869],"class_list":["post-222060","post","type-post","status-publish","format-standard","has-post-thumbnail","hentry","category-destacadas","category-local","tag-destacadas","tag-local"],"jetpack_featured_media_url":"https:\/\/rnoticias.com.mx\/Portal\/wp-content\/uploads\/2025\/06\/unnamed-1-47.jpg","amp_enabled":true,"_links":{"self":[{"href":"https:\/\/rnoticias.com.mx\/Portal\/wp-json\/wp\/v2\/posts\/222060","targetHints":{"allow":["GET"]}}],"collection":[{"href":"https:\/\/rnoticias.com.mx\/Portal\/wp-json\/wp\/v2\/posts"}],"about":[{"href":"https:\/\/rnoticias.com.mx\/Portal\/wp-json\/wp\/v2\/types\/post"}],"author":[{"embeddable":true,"href":"https:\/\/rnoticias.com.mx\/Portal\/wp-json\/wp\/v2\/users\/2"}],"replies":[{"embeddable":true,"href":"https:\/\/rnoticias.com.mx\/Portal\/wp-json\/wp\/v2\/comments?post=222060"}],"version-history":[{"count":1,"href":"https:\/\/rnoticias.com.mx\/Portal\/wp-json\/wp\/v2\/posts\/222060\/revisions"}],"predecessor-version":[{"id":222062,"href":"https:\/\/rnoticias.com.mx\/Portal\/wp-json\/wp\/v2\/posts\/222060\/revisions\/222062"}],"wp:featuredmedia":[{"embeddable":true,"href":"https:\/\/rnoticias.com.mx\/Portal\/wp-json\/wp\/v2\/media\/222061"}],"wp:attachment":[{"href":"https:\/\/rnoticias.com.mx\/Portal\/wp-json\/wp\/v2\/media?parent=222060"}],"wp:term":[{"taxonomy":"category","embeddable":true,"href":"https:\/\/rnoticias.com.mx\/Portal\/wp-json\/wp\/v2\/categories?post=222060"},{"taxonomy":"post_tag","embeddable":true,"href":"https:\/\/rnoticias.com.mx\/Portal\/wp-json\/wp\/v2\/tags?post=222060"}],"curies":[{"name":"wp","href":"https:\/\/api.w.org\/{rel}","templated":true}]}}