{"id":222049,"date":"2025-06-19T20:53:14","date_gmt":"2025-06-20T03:53:14","guid":{"rendered":"https:\/\/rnoticias.com.mx\/Portal\/?p=222049"},"modified":"2025-06-19T20:53:14","modified_gmt":"2025-06-20T03:53:14","slug":"el-comite-educativo-de-mineria-fortalece-el-plan-mexico-senadora-lorenia-valles","status":"publish","type":"post","link":"https:\/\/rnoticias.com.mx\/Portal\/2025\/06\/19\/el-comite-educativo-de-mineria-fortalece-el-plan-mexico-senadora-lorenia-valles\/","title":{"rendered":"El Comit\u00e9 Educativo de Miner\u00eda fortalece el Plan M\u00e9xico: senadora Lorenia Valles"},"content":{"rendered":"<p>\u201cEs momento de cerrar filas y pensar en el futuro. El Plan M\u00e9xico ofrece un camino para el desarrollo industrial de nuestro pa\u00eds y llegar a ser la d\u00e9cima econom\u00eda del mundo, pues contamos con los recursos naturales y el capital humano para lograrlo\u201d, dijo la senadora Lorenia Valles durante la firma del convenio de colaboraci\u00f3n del Comit\u00e9 Educativo de Miner\u00eda M\u00e9xico 2025.<\/p>\n<p>Este convenio, cuyo objetivo es apoyar a la universidades e institutos que imparten las carreras en Ciencias de la Tierra con programas para vincular al sector educativo y la industria minera, fue suscrito por el secretario de Econom\u00eda del Gobierno de M\u00e9xico, Marcelo Ebrard; el gobernador Alfonso Durazo; el gobernador David Monreal; Pedro Rivero Gonz\u00e1lez, presidente nacional de CAMIMEX, as\u00ed como representantes del sector minero y de diferentes universidades mexicanas.<\/p>\n<p>La presidenta de la Comisi\u00f3n de Miner\u00eda del Senado de la Rep\u00fablica asegur\u00f3 que el Comit\u00e9 Educativo de Miner\u00eda M\u00e9xico fortalece el Plan M\u00e9xico, al promover que las y los j\u00f3venes exploren el conocimiento cient\u00edfico y tecnol\u00f3gico, con la seguridad de que habr\u00e1 un campo laboral y de capacitaci\u00f3n para aplicar esos conocimientos en las \u00e1reas administrativas, t\u00e9cnicas y operativas de las empresas mineras.<\/p>\n<p>\u201cEl convenio marca la pauta para garantizar una visi\u00f3n de largo alcance y hacer posible una miner\u00eda sustentable, consciente y respetuosa del medio ambiente; respetuosa de las comunidades donde se establece y de las y los trabajadores; y promover la participaci\u00f3n de las mujeres, en este tiempo de las mujeres y de las mujeres en la miner\u00eda\u201d, afirm\u00f3.<\/p>\n<p>\u201cEsta visi\u00f3n se cobija bajo el Plan M\u00e9xico de la presidenta Claudia Sheinbaum, pensando en la importancia de fomentar la educaci\u00f3n dual y formar integralmente a las y los profesionistas del futuro, quienes har\u00e1n del sector minero-metal\u00fargico un referente de satisfacci\u00f3n de las nuevas demandas de producci\u00f3n y, desde luego, de bienestar para las familias mineras\u201d, abund\u00f3 la legisladora.<\/p>\n<p>Finalmente, Valles Sampedro reconoci\u00f3 a Sonora como el \u201ccoraz\u00f3n minero de M\u00e9xico\u201d, al ser el principal productor de minerales del pa\u00eds y la piedra angular del Plan Sonora de Energ\u00edas Sostenibles impulsado por el gobernador Alfonso Durazo Monta\u00f1o, quien, adem\u00e1s, es \u201cun gran promotor de la educaci\u00f3n y de las oportunidades para las nuevas generaciones\u201d.<\/p>\n","protected":false},"excerpt":{"rendered":"<p>\u201cEs momento de cerrar filas y pensar en el futuro. El Plan M\u00e9xico ofrece un camino para el desarrollo industrial de nuestro pa\u00eds y llegar a ser la d\u00e9cima econom\u00eda del mundo, pues contamos con los recursos naturales y el capital humano para lograrlo\u201d, dijo la senadora Lorenia Valles durante la firma del convenio de [&hellip;]<\/p>\n","protected":false},"author":2,"featured_media":222050,"comment_status":"closed","ping_status":"closed","sticky":false,"template":"","format":"standard","meta":{"footnotes":""},"categories":[12870,12868],"tags":[12865,12879],"class_list":["post-222049","post","type-post","status-publish","format-standard","has-post-thumbnail","hentry","category-destacadas","category-politica","tag-destacadas","tag-politica"],"jetpack_featured_media_url":"https:\/\/rnoticias.com.mx\/Portal\/wp-content\/uploads\/2025\/06\/47017c4c-41f6-49db-8eb5-7cb09b2a466b.jpg","amp_enabled":true,"_links":{"self":[{"href":"https:\/\/rnoticias.com.mx\/Portal\/wp-json\/wp\/v2\/posts\/222049","targetHints":{"allow":["GET"]}}],"collection":[{"href":"https:\/\/rnoticias.com.mx\/Portal\/wp-json\/wp\/v2\/posts"}],"about":[{"href":"https:\/\/rnoticias.com.mx\/Portal\/wp-json\/wp\/v2\/types\/post"}],"author":[{"embeddable":true,"href":"https:\/\/rnoticias.com.mx\/Portal\/wp-json\/wp\/v2\/users\/2"}],"replies":[{"embeddable":true,"href":"https:\/\/rnoticias.com.mx\/Portal\/wp-json\/wp\/v2\/comments?post=222049"}],"version-history":[{"count":1,"href":"https:\/\/rnoticias.com.mx\/Portal\/wp-json\/wp\/v2\/posts\/222049\/revisions"}],"predecessor-version":[{"id":222051,"href":"https:\/\/rnoticias.com.mx\/Portal\/wp-json\/wp\/v2\/posts\/222049\/revisions\/222051"}],"wp:featuredmedia":[{"embeddable":true,"href":"https:\/\/rnoticias.com.mx\/Portal\/wp-json\/wp\/v2\/media\/222050"}],"wp:attachment":[{"href":"https:\/\/rnoticias.com.mx\/Portal\/wp-json\/wp\/v2\/media?parent=222049"}],"wp:term":[{"taxonomy":"category","embeddable":true,"href":"https:\/\/rnoticias.com.mx\/Portal\/wp-json\/wp\/v2\/categories?post=222049"},{"taxonomy":"post_tag","embeddable":true,"href":"https:\/\/rnoticias.com.mx\/Portal\/wp-json\/wp\/v2\/tags?post=222049"}],"curies":[{"name":"wp","href":"https:\/\/api.w.org\/{rel}","templated":true}]}}