{"id":222046,"date":"2025-06-19T20:51:12","date_gmt":"2025-06-20T03:51:12","guid":{"rendered":"https:\/\/rnoticias.com.mx\/Portal\/?p=222046"},"modified":"2025-06-19T20:51:12","modified_gmt":"2025-06-20T03:51:12","slug":"con-la-vision-de-justicia-social-de-la-presidenta-claudia-sheinbaum-inicia-entrega-de-casi-10-mil-tarjetas-del-programa-de-personas-con-discapacidad-en-sonora-2","status":"publish","type":"post","link":"https:\/\/rnoticias.com.mx\/Portal\/2025\/06\/19\/con-la-vision-de-justicia-social-de-la-presidenta-claudia-sheinbaum-inicia-entrega-de-casi-10-mil-tarjetas-del-programa-de-personas-con-discapacidad-en-sonora-2\/","title":{"rendered":"Con la visi\u00f3n de justicia social de la Presidenta Claudia Sheinbaum, inicia entrega de casi 10 mil tarjetas del Programa de Personas con Discapacidad en Sonora"},"content":{"rendered":"<p>Cajeme, Sonora, a junio de 2025.- En cumplimiento con el compromiso de la Presidenta de M\u00e9xico, Claudia Sheinbaum Pardo, de garantizar el bienestar de las personas con discapacidad, este lunes 16 de junio dio inicio en Sonora la entrega de cerca de 10 mil tarjetas del Programa Pensi\u00f3n para el Bienestar de las Personas con Discapacidad, con una inversi\u00f3n superior a los 31.5 millones de pesos.<\/p>\n<p>En conferencia de prensa, el Delegado de los Programas para el Bienestar en Sonora, Octavio Almada Palafox, inform\u00f3 que cada persona incorporada recibir\u00e1 un apoyo econ\u00f3mico bimestral de $3 mil 200 pesos, como parte del esfuerzo del Gobierno de M\u00e9xico por construir un pa\u00eds m\u00e1s justo, humano e incluyente.<\/p>\n<p>Actualmente, Sonora cuenta con m\u00e1s de 36 mil personas con discapacidad como derechohabientes activas, quienes reciben un total de $117.18 millones de pesos cada bimestre. Con esta nueva etapa de incorporaciones, el programa alcanzar\u00e1 un total de m\u00e1s de 46 mil beneficiarios en la entidad, lo que representa una dispersi\u00f3n bimestral de $148.69 millones de pesos.<\/p>\n<p>En Ciudad Obreg\u00f3n son m\u00e1s de 2 mil tarjetas las que se estar\u00e1n entregando en esta semana a igual n\u00famero de derechohabientes, indic\u00f3 el Delegado Almada Palafox.<\/p>\n<p>\u201cEsta pensi\u00f3n no solo es un derecho ganado, es un acto de justicia social que transforma la vida de miles de familias en todo el estado. Seguiremos cumpliendo, en territorio, con el coraz\u00f3n puesto en quienes m\u00e1s lo necesitan\u201d, destac\u00f3 Octavio Almada.<\/p>\n<p>Con estas acciones, el Gobierno de M\u00e9xico reafirma as\u00ed su compromiso con la igualdad, la inclusi\u00f3n y el bienestar de todas las personas, expres\u00f3.<\/p>\n<p>Los Programas para el Bienestar constituyen una parte fundamental no s\u00f3lo en la disminuci\u00f3n de la pobreza sino en la dignificaci\u00f3n de las familias, de la gente que se olvid\u00f3, que se excluy\u00f3 en otros gobiernos que no acompa\u00f1aban a la gente, recalc\u00f3 el Delegado.<\/p>\n<p>\u201cPor el bien de todos primero los pobres no es un slogan de campa\u00f1a, es una permanencia de la hegemon\u00eda del Movimiento de Transformaci\u00f3n del pa\u00eds que se aplica en territorio a trav\u00e9s de los compa\u00f1eros Servidores de la Naci\u00f3n \u201d, puntualiz\u00f3 el Delegado.<\/p>\n","protected":false},"excerpt":{"rendered":"<p>Cajeme, Sonora, a junio de 2025.- En cumplimiento con el compromiso de la Presidenta de M\u00e9xico, Claudia Sheinbaum Pardo, de garantizar el bienestar de las personas con discapacidad, este lunes 16 de junio dio inicio en Sonora la entrega de cerca de 10 mil tarjetas del Programa Pensi\u00f3n para el Bienestar de las Personas con [&hellip;]<\/p>\n","protected":false},"author":2,"featured_media":222047,"comment_status":"closed","ping_status":"closed","sticky":false,"template":"","format":"standard","meta":{"footnotes":""},"categories":[12870,174],"tags":[12865,12873],"class_list":["post-222046","post","type-post","status-publish","format-standard","has-post-thumbnail","hentry","category-destacadas","category-estatal","tag-destacadas","tag-estatal"],"jetpack_featured_media_url":"https:\/\/rnoticias.com.mx\/Portal\/wp-content\/uploads\/2025\/06\/7e7c169d-db66-4c41-8457-619c0e69a839-scaled.jpg","amp_enabled":true,"_links":{"self":[{"href":"https:\/\/rnoticias.com.mx\/Portal\/wp-json\/wp\/v2\/posts\/222046","targetHints":{"allow":["GET"]}}],"collection":[{"href":"https:\/\/rnoticias.com.mx\/Portal\/wp-json\/wp\/v2\/posts"}],"about":[{"href":"https:\/\/rnoticias.com.mx\/Portal\/wp-json\/wp\/v2\/types\/post"}],"author":[{"embeddable":true,"href":"https:\/\/rnoticias.com.mx\/Portal\/wp-json\/wp\/v2\/users\/2"}],"replies":[{"embeddable":true,"href":"https:\/\/rnoticias.com.mx\/Portal\/wp-json\/wp\/v2\/comments?post=222046"}],"version-history":[{"count":1,"href":"https:\/\/rnoticias.com.mx\/Portal\/wp-json\/wp\/v2\/posts\/222046\/revisions"}],"predecessor-version":[{"id":222048,"href":"https:\/\/rnoticias.com.mx\/Portal\/wp-json\/wp\/v2\/posts\/222046\/revisions\/222048"}],"wp:featuredmedia":[{"embeddable":true,"href":"https:\/\/rnoticias.com.mx\/Portal\/wp-json\/wp\/v2\/media\/222047"}],"wp:attachment":[{"href":"https:\/\/rnoticias.com.mx\/Portal\/wp-json\/wp\/v2\/media?parent=222046"}],"wp:term":[{"taxonomy":"category","embeddable":true,"href":"https:\/\/rnoticias.com.mx\/Portal\/wp-json\/wp\/v2\/categories?post=222046"},{"taxonomy":"post_tag","embeddable":true,"href":"https:\/\/rnoticias.com.mx\/Portal\/wp-json\/wp\/v2\/tags?post=222046"}],"curies":[{"name":"wp","href":"https:\/\/api.w.org\/{rel}","templated":true}]}}