{"id":222043,"date":"2025-06-19T20:46:35","date_gmt":"2025-06-20T03:46:35","guid":{"rendered":"https:\/\/rnoticias.com.mx\/Portal\/?p=222043"},"modified":"2025-06-19T20:46:35","modified_gmt":"2025-06-20T03:46:35","slug":"con-el-respaldo-de-la-presidenta-claudia-sheinbaum-entregan-tarjetas-del-programa-enchula-tu-tienda-en-22-localidades-de-sonora","status":"publish","type":"post","link":"https:\/\/rnoticias.com.mx\/Portal\/2025\/06\/19\/con-el-respaldo-de-la-presidenta-claudia-sheinbaum-entregan-tarjetas-del-programa-enchula-tu-tienda-en-22-localidades-de-sonora\/","title":{"rendered":"Con el respaldo de la Presidenta Claudia Sheinbaum, entregan tarjetas del programa \u201cEnchula tu Tienda\u201d en 22 localidades de Sonora"},"content":{"rendered":"<p>Hermosillo, Sonora, 19 de junio de 2025.- En cumplimiento con la visi\u00f3n de la Presidenta de M\u00e9xico, Claudia Sheinbaum Pardo, de fortalecer las econom\u00edas locales y dignificar el trabajo comunitario, del 16 al 22 de junio se realiza la entrega de tarjetas del programa Enchula tu Tienda a 22 Tiendas para el Bienestar en igual n\u00famero de localidades de Sonora.<\/p>\n<p>El Delegado de Programas para el Bienestar en el estado, Octavio Almada Palafox, inform\u00f3 que esta acci\u00f3n beneficiar\u00e1 directamente a peque\u00f1as tiendas comunitarias ubicadas en zonas rurales y de dif\u00edcil acceso, impulsando el desarrollo econ\u00f3mico local y mejorando las condiciones de abasto para las familias.<\/p>\n<p>\u201cEste programa no s\u00f3lo significa mejorar la infraestructura de las tiendas, sino tambi\u00e9n reactivar el comercio comunitario, fortalecer la autosuficiencia alimentaria y generar condiciones de bienestar donde m\u00e1s se necesita\u201d, expres\u00f3 el Delegado Almada Palafox.<\/p>\n<p>Agreg\u00f3 que cada tienda recibir\u00e1 montos que van desde los 16 mil hasta los 20 mil pesos, de acuerdo con las necesidades espec\u00edficas de rehabilitaci\u00f3n e infraestructura.<\/p>\n<p>Las tiendas beneficiadas se ubican en localidades de los municipios de \u00c1lamos (5), Sahuaripa (4), N\u00e1cori Chico (3), Arizpe (2), \u00d3navas (1), Granados (1), Quiriego (1), Agua Prieta (1), Bacanora (1), y Y\u00e9cora (1).<\/p>\n<p>Asimismo, reiter\u00f3 que el programa \u201cEnchula tu Tienda\u201d es parte del compromiso del Gobierno de M\u00e9xico con la justicia social y el desarrollo regional, al priorizar a comunidades hist\u00f3ricamente olvidadas por el mercado.<\/p>\n<p>Con este esfuerzo, se consolida una red de Tiendas para el Bienestar m\u00e1s s\u00f3lidas, dignas y funcionales, que sirven como punto de apoyo para miles de familias sonorenses.<\/p>\n<p>&nbsp;<\/p>\n","protected":false},"excerpt":{"rendered":"<p>Hermosillo, Sonora, 19 de junio de 2025.- En cumplimiento con la visi\u00f3n de la Presidenta de M\u00e9xico, Claudia Sheinbaum Pardo, de fortalecer las econom\u00edas locales y dignificar el trabajo comunitario, del 16 al 22 de junio se realiza la entrega de tarjetas del programa Enchula tu Tienda a 22 Tiendas para el Bienestar en igual [&hellip;]<\/p>\n","protected":false},"author":2,"featured_media":222044,"comment_status":"closed","ping_status":"closed","sticky":false,"template":"","format":"standard","meta":{"footnotes":""},"categories":[12870,178],"tags":[12865,12869],"class_list":["post-222043","post","type-post","status-publish","format-standard","has-post-thumbnail","hentry","category-destacadas","category-local","tag-destacadas","tag-local"],"jetpack_featured_media_url":"https:\/\/rnoticias.com.mx\/Portal\/wp-content\/uploads\/2025\/06\/1edb6110-d712-4721-8672-bba71db245b0.jpg","amp_enabled":true,"_links":{"self":[{"href":"https:\/\/rnoticias.com.mx\/Portal\/wp-json\/wp\/v2\/posts\/222043","targetHints":{"allow":["GET"]}}],"collection":[{"href":"https:\/\/rnoticias.com.mx\/Portal\/wp-json\/wp\/v2\/posts"}],"about":[{"href":"https:\/\/rnoticias.com.mx\/Portal\/wp-json\/wp\/v2\/types\/post"}],"author":[{"embeddable":true,"href":"https:\/\/rnoticias.com.mx\/Portal\/wp-json\/wp\/v2\/users\/2"}],"replies":[{"embeddable":true,"href":"https:\/\/rnoticias.com.mx\/Portal\/wp-json\/wp\/v2\/comments?post=222043"}],"version-history":[{"count":1,"href":"https:\/\/rnoticias.com.mx\/Portal\/wp-json\/wp\/v2\/posts\/222043\/revisions"}],"predecessor-version":[{"id":222045,"href":"https:\/\/rnoticias.com.mx\/Portal\/wp-json\/wp\/v2\/posts\/222043\/revisions\/222045"}],"wp:featuredmedia":[{"embeddable":true,"href":"https:\/\/rnoticias.com.mx\/Portal\/wp-json\/wp\/v2\/media\/222044"}],"wp:attachment":[{"href":"https:\/\/rnoticias.com.mx\/Portal\/wp-json\/wp\/v2\/media?parent=222043"}],"wp:term":[{"taxonomy":"category","embeddable":true,"href":"https:\/\/rnoticias.com.mx\/Portal\/wp-json\/wp\/v2\/categories?post=222043"},{"taxonomy":"post_tag","embeddable":true,"href":"https:\/\/rnoticias.com.mx\/Portal\/wp-json\/wp\/v2\/tags?post=222043"}],"curies":[{"name":"wp","href":"https:\/\/api.w.org\/{rel}","templated":true}]}}