{"id":222031,"date":"2025-06-19T20:32:47","date_gmt":"2025-06-20T03:32:47","guid":{"rendered":"https:\/\/rnoticias.com.mx\/Portal\/?p=222031"},"modified":"2025-06-19T20:32:47","modified_gmt":"2025-06-20T03:32:47","slug":"reconocen-a-estudiantes-de-enfermeria-del-itson","status":"publish","type":"post","link":"https:\/\/rnoticias.com.mx\/Portal\/2025\/06\/19\/reconocen-a-estudiantes-de-enfermeria-del-itson\/","title":{"rendered":"Reconocen a estudiantes de Enfermer\u00eda del ITSON"},"content":{"rendered":"<p>Con orgullo, autoridades de la Comisar\u00eda de Esperanza e ITEPO-EMAK llevaron a cabo la entrega de reconocimientos a estudiantes de la Licenciatura en Enfermer\u00eda del Instituto Tecnol\u00f3gico de Sonora (ITSON), en agradecimiento por su valiosa participaci\u00f3n en la 5ta Bicicleteada realizada en dicha comunidad.<\/p>\n<p>Durante este evento, se hizo entrega de un reconocimiento simb\u00f3lico a seis estudiantes que brindaron atenci\u00f3n de primeros auxilios a las y los participantes de la actividad, destacando por su disposici\u00f3n, compromiso y vocaci\u00f3n de servicio.<\/p>\n<p>La Mtra. Arely Baldenegro, Docente de la Licenciatura en Enfermer\u00eda, subray\u00f3 que esta experiencia marc\u00f3 el primer acercamiento de las y los alumnos con la comunidad, fortaleciendo su formaci\u00f3n profesional, \u201cestas experiencias no se olvidan y contribuyen al desarrollo de sus habilidades como futuros profesionales de la salud\u201d.<\/p>\n<p>Por su parte, el C. Ricardo Rodr\u00edguez Moreno, Comisario de Esperanza, expres\u00f3 su agradecimiento a las y los j\u00f3venes por su esfuerzo durante su participaci\u00f3n activa en la 5ta Bicicleteada, destacando la importancia de su colaboraci\u00f3n, que refleja el apoyo directo a la comunidad.<\/p>\n<p>Reiter\u00f3 su agradecimiento al ITSON por fortalecer esta vinculaci\u00f3n, resaltando que la colaboraci\u00f3n entre instituciones y comunidad forma un equipo de campo comprometido con el servicio y el bienestar social, \u201cno somos un equipo que se encierra en el aula, salimos a la comunidad, y esperamos que as\u00ed contin\u00fae\u201d.<\/p>\n<p>Asimismo, C. Daniel Garc\u00eda, Presidente de ITEPO-EMAK, celebr\u00f3 la participaci\u00f3n del ITSON en la 5ta Bicicleteada, \u201cnos dio mucho gusto contar con la presencia del stand del \u00e1rea de Enfermer\u00eda del ITSON, quienes ofrecieron atenci\u00f3n de primeros auxilios a nuestra comunidad durante el evento\u201d.<\/p>\n<p>Asimismo, expres\u00f3 su disposici\u00f3n para seguir colaborando en futuras actividades, se\u00f1alando que ITEPO-EMAK est\u00e1 a la orden en caso de que se organice alguna jornada de salud comunitaria.<\/p>\n<p>Las y los estudiantes reconocidos fueron: Nut Ureret Bola\u00f1os Lara, Guadalupe Cota Rivera, \u00c1ngel Gabriel Mora L\u00f3pez, Laura Leonor Robles Hern\u00e1ndez, Ivanna Andrea Rojas Fonseca, y Jes\u00fas Verdugo Duarte.<\/p>\n","protected":false},"excerpt":{"rendered":"<p>Con orgullo, autoridades de la Comisar\u00eda de Esperanza e ITEPO-EMAK llevaron a cabo la entrega de reconocimientos a estudiantes de la Licenciatura en Enfermer\u00eda del Instituto Tecnol\u00f3gico de Sonora (ITSON), en agradecimiento por su valiosa participaci\u00f3n en la 5ta Bicicleteada realizada en dicha comunidad. Durante este evento, se hizo entrega de un reconocimiento simb\u00f3lico a [&hellip;]<\/p>\n","protected":false},"author":2,"featured_media":222032,"comment_status":"closed","ping_status":"closed","sticky":false,"template":"","format":"standard","meta":{"footnotes":""},"categories":[12870,174],"tags":[12865,12873],"class_list":["post-222031","post","type-post","status-publish","format-standard","has-post-thumbnail","hentry","category-destacadas","category-estatal","tag-destacadas","tag-estatal"],"jetpack_featured_media_url":"https:\/\/rnoticias.com.mx\/Portal\/wp-content\/uploads\/2025\/06\/455efcb4-320c-4c65-ab1b-fc9bb2726a45.jpg","amp_enabled":true,"_links":{"self":[{"href":"https:\/\/rnoticias.com.mx\/Portal\/wp-json\/wp\/v2\/posts\/222031","targetHints":{"allow":["GET"]}}],"collection":[{"href":"https:\/\/rnoticias.com.mx\/Portal\/wp-json\/wp\/v2\/posts"}],"about":[{"href":"https:\/\/rnoticias.com.mx\/Portal\/wp-json\/wp\/v2\/types\/post"}],"author":[{"embeddable":true,"href":"https:\/\/rnoticias.com.mx\/Portal\/wp-json\/wp\/v2\/users\/2"}],"replies":[{"embeddable":true,"href":"https:\/\/rnoticias.com.mx\/Portal\/wp-json\/wp\/v2\/comments?post=222031"}],"version-history":[{"count":1,"href":"https:\/\/rnoticias.com.mx\/Portal\/wp-json\/wp\/v2\/posts\/222031\/revisions"}],"predecessor-version":[{"id":222033,"href":"https:\/\/rnoticias.com.mx\/Portal\/wp-json\/wp\/v2\/posts\/222031\/revisions\/222033"}],"wp:featuredmedia":[{"embeddable":true,"href":"https:\/\/rnoticias.com.mx\/Portal\/wp-json\/wp\/v2\/media\/222032"}],"wp:attachment":[{"href":"https:\/\/rnoticias.com.mx\/Portal\/wp-json\/wp\/v2\/media?parent=222031"}],"wp:term":[{"taxonomy":"category","embeddable":true,"href":"https:\/\/rnoticias.com.mx\/Portal\/wp-json\/wp\/v2\/categories?post=222031"},{"taxonomy":"post_tag","embeddable":true,"href":"https:\/\/rnoticias.com.mx\/Portal\/wp-json\/wp\/v2\/tags?post=222031"}],"curies":[{"name":"wp","href":"https:\/\/api.w.org\/{rel}","templated":true}]}}