{"id":222028,"date":"2025-06-19T20:31:35","date_gmt":"2025-06-20T03:31:35","guid":{"rendered":"https:\/\/rnoticias.com.mx\/Portal\/?p=222028"},"modified":"2025-06-19T20:31:35","modified_gmt":"2025-06-20T03:31:35","slug":"promueve-gobierno-de-sonora-desarrollo-personal-de-las-mujeres-yaquis-uts","status":"publish","type":"post","link":"https:\/\/rnoticias.com.mx\/Portal\/2025\/06\/19\/promueve-gobierno-de-sonora-desarrollo-personal-de-las-mujeres-yaquis-uts\/","title":{"rendered":"Promueve Gobierno de Sonora desarrollo personal de las mujeres yaquis: UTS"},"content":{"rendered":"<p>Cajeme, Sonora; 19 de junio de 2025.- Con el objetivo de impulsar programas y proyectos a favor del desarrollo de los pueblos originarios del sur de la entidad, la Universidad Tecnol\u00f3gica del Sur de Sonora (UTS) imparti\u00f3 el taller denominado \u201cMantenimiento de la Autoestima en la Mujer Ind\u00edgena Yaqui\u201d, en las instalaciones de la Telesecundaria No. 141 &#8220;Sigifredo Valenzuela Portillo&#8221;, de la comunidad de Loma de Guam\u00fachil, Sonora (Pueblo de C\u00f3corit).<\/p>\n<p>El taller tiene como finalidad brindar a las mujeres de la etnia herramientas y t\u00e9cnicas que les permitan identificar sus fortalezas y mejorar aspectos relacionados con su autoestima, como el autoconcepto; acompa\u00f1adas en todo momento por las instructoras de la UTS, quienes, a trav\u00e9s de la interacci\u00f3n, fortalecen una nueva cultura donde la mujer yaqui cobra un rol cada vez m\u00e1s protag\u00f3nico.<\/p>\n<p>Sergio Pablo Mariscal Alvarado, rector de la UTS, detall\u00f3 que la capacitaci\u00f3n estuvo a cargo de Ruth Alonso Aldana y Lilia Zulema Gayt\u00e1n Mart\u00ednez, docentes universitarias que forman parte del Sistema Nacional de Investigadoras e Investigadores (SNII), e integradas en el cuerpo acad\u00e9mico de la UTS que atiende esta problem\u00e1tica. Este trabajo se encuentra en l\u00ednea con las pol\u00edticas p\u00fablicas de los gobiernos federal y estatal para contribuir al desarrollo integral de los miembros de la comunidad yaqui.<\/p>\n<p>Mencion\u00f3 que este programa se lleva a cabo en coordinaci\u00f3n con Mar\u00eda Trinidad Ruiz Ruiz, titular de la Direcci\u00f3n General de Culturas Populares, Ind\u00edgenas y Urbanas, Unidad Sur de Sonora, y Magda Aurelia Medina Valencia, enlace de la comunidad de Loma de Guam\u00fachil, con quienes ya se han realizado talleres de autoestima y entrenamiento asertivo dirigidos a mujeres de diversas comunidades yoremes extendidas en Cajeme.<\/p>\n","protected":false},"excerpt":{"rendered":"<p>Cajeme, Sonora; 19 de junio de 2025.- Con el objetivo de impulsar programas y proyectos a favor del desarrollo de los pueblos originarios del sur de la entidad, la Universidad Tecnol\u00f3gica del Sur de Sonora (UTS) imparti\u00f3 el taller denominado \u201cMantenimiento de la Autoestima en la Mujer Ind\u00edgena Yaqui\u201d, en las instalaciones de la Telesecundaria [&hellip;]<\/p>\n","protected":false},"author":2,"featured_media":222029,"comment_status":"closed","ping_status":"closed","sticky":false,"template":"","format":"standard","meta":{"footnotes":""},"categories":[174],"tags":[12873],"class_list":["post-222028","post","type-post","status-publish","format-standard","has-post-thumbnail","hentry","category-estatal","tag-estatal"],"jetpack_featured_media_url":"https:\/\/rnoticias.com.mx\/Portal\/wp-content\/uploads\/2025\/06\/unnamed-1-46.jpg","amp_enabled":true,"_links":{"self":[{"href":"https:\/\/rnoticias.com.mx\/Portal\/wp-json\/wp\/v2\/posts\/222028","targetHints":{"allow":["GET"]}}],"collection":[{"href":"https:\/\/rnoticias.com.mx\/Portal\/wp-json\/wp\/v2\/posts"}],"about":[{"href":"https:\/\/rnoticias.com.mx\/Portal\/wp-json\/wp\/v2\/types\/post"}],"author":[{"embeddable":true,"href":"https:\/\/rnoticias.com.mx\/Portal\/wp-json\/wp\/v2\/users\/2"}],"replies":[{"embeddable":true,"href":"https:\/\/rnoticias.com.mx\/Portal\/wp-json\/wp\/v2\/comments?post=222028"}],"version-history":[{"count":1,"href":"https:\/\/rnoticias.com.mx\/Portal\/wp-json\/wp\/v2\/posts\/222028\/revisions"}],"predecessor-version":[{"id":222030,"href":"https:\/\/rnoticias.com.mx\/Portal\/wp-json\/wp\/v2\/posts\/222028\/revisions\/222030"}],"wp:featuredmedia":[{"embeddable":true,"href":"https:\/\/rnoticias.com.mx\/Portal\/wp-json\/wp\/v2\/media\/222029"}],"wp:attachment":[{"href":"https:\/\/rnoticias.com.mx\/Portal\/wp-json\/wp\/v2\/media?parent=222028"}],"wp:term":[{"taxonomy":"category","embeddable":true,"href":"https:\/\/rnoticias.com.mx\/Portal\/wp-json\/wp\/v2\/categories?post=222028"},{"taxonomy":"post_tag","embeddable":true,"href":"https:\/\/rnoticias.com.mx\/Portal\/wp-json\/wp\/v2\/tags?post=222028"}],"curies":[{"name":"wp","href":"https:\/\/api.w.org\/{rel}","templated":true}]}}