{"id":222019,"date":"2025-06-19T20:27:59","date_gmt":"2025-06-20T03:27:59","guid":{"rendered":"https:\/\/rnoticias.com.mx\/Portal\/?p=222019"},"modified":"2025-06-19T20:27:59","modified_gmt":"2025-06-20T03:27:59","slug":"invita-canacintra-hermosillo-a-expo-encuentro-de-negocios-2025","status":"publish","type":"post","link":"https:\/\/rnoticias.com.mx\/Portal\/2025\/06\/19\/invita-canacintra-hermosillo-a-expo-encuentro-de-negocios-2025\/","title":{"rendered":"Invita Canacintra Hermosillo a Expo Encuentro de Negocios 2025"},"content":{"rendered":"<p>La C\u00e1mara Nacional de la Industria de Transformaci\u00f3n (Canacintra) Hermosillo, invita a la comunidad sonorense para participar en lo que ser\u00e1 la sexta edici\u00f3n del evento \u201cExpo Encuentro de Negocios 2025.<\/p>\n<p>&nbsp;<\/p>\n<p>El presidente de Canacintra Hermosillo, Juan \u00c1lvaro Corral Aguirre, anunci\u00f3 la realizaci\u00f3n de ese evento, el cual busca generar encuentros de alto impacto entre empresas, compradores, proveedores, l\u00edderes industriales, instituciones y nuevos talentos.<\/p>\n<p>&nbsp;<\/p>\n<p>\u201cLa iniciativa que hoy presentamos representa una plataforma dise\u00f1ada para generar encuentros de alto impacto entre empresas, compradores, proveedores, l\u00edderes industriales, instituciones y nuevos talentos. Nos complace a todo el equipo que despu\u00e9s de seis a\u00f1os de no realizarse esta expo, anunciar el d\u00eda de hoy la Expo Encuentro de Negocios 2025\u201d, dijo.<\/p>\n<p>&nbsp;<\/p>\n<p>Detall\u00f3, que ese evento se va a realizar los d\u00edas 5 y 6 de noviembre en el Sal\u00f3n Beneto del ExoForum Hermosillo y por ello desde ya se est\u00e1 haciendo la invitaci\u00f3n al mismo.<\/p>\n<p>&nbsp;<\/p>\n<p>Por \u00faltimo, el l\u00edder empresarial enfatiz\u00f3, que esta edici\u00f3n reafirma el compromiso de Canacintra con el impulso a la industria sonorense, consolidando una herramienta que ha demostrado su efectividad para posicionar a Sonora como un referente industrial competitivo, innovador y articulado.<\/p>\n","protected":false},"excerpt":{"rendered":"<p>La C\u00e1mara Nacional de la Industria de Transformaci\u00f3n (Canacintra) Hermosillo, invita a la comunidad sonorense para participar en lo que ser\u00e1 la sexta edici\u00f3n del evento \u201cExpo Encuentro de Negocios 2025. &nbsp; El presidente de Canacintra Hermosillo, Juan \u00c1lvaro Corral Aguirre, anunci\u00f3 la realizaci\u00f3n de ese evento, el cual busca generar encuentros de alto impacto [&hellip;]<\/p>\n","protected":false},"author":2,"featured_media":222020,"comment_status":"closed","ping_status":"closed","sticky":false,"template":"","format":"standard","meta":{"footnotes":""},"categories":[12870,178],"tags":[12865,12869],"class_list":["post-222019","post","type-post","status-publish","format-standard","has-post-thumbnail","hentry","category-destacadas","category-local","tag-destacadas","tag-local"],"jetpack_featured_media_url":"https:\/\/rnoticias.com.mx\/Portal\/wp-content\/uploads\/2025\/06\/anuncian-expo-encuentro-de-negocios-edicion-2025-25b66c98-focus-0-0-1300-865.webp","amp_enabled":true,"_links":{"self":[{"href":"https:\/\/rnoticias.com.mx\/Portal\/wp-json\/wp\/v2\/posts\/222019","targetHints":{"allow":["GET"]}}],"collection":[{"href":"https:\/\/rnoticias.com.mx\/Portal\/wp-json\/wp\/v2\/posts"}],"about":[{"href":"https:\/\/rnoticias.com.mx\/Portal\/wp-json\/wp\/v2\/types\/post"}],"author":[{"embeddable":true,"href":"https:\/\/rnoticias.com.mx\/Portal\/wp-json\/wp\/v2\/users\/2"}],"replies":[{"embeddable":true,"href":"https:\/\/rnoticias.com.mx\/Portal\/wp-json\/wp\/v2\/comments?post=222019"}],"version-history":[{"count":1,"href":"https:\/\/rnoticias.com.mx\/Portal\/wp-json\/wp\/v2\/posts\/222019\/revisions"}],"predecessor-version":[{"id":222021,"href":"https:\/\/rnoticias.com.mx\/Portal\/wp-json\/wp\/v2\/posts\/222019\/revisions\/222021"}],"wp:featuredmedia":[{"embeddable":true,"href":"https:\/\/rnoticias.com.mx\/Portal\/wp-json\/wp\/v2\/media\/222020"}],"wp:attachment":[{"href":"https:\/\/rnoticias.com.mx\/Portal\/wp-json\/wp\/v2\/media?parent=222019"}],"wp:term":[{"taxonomy":"category","embeddable":true,"href":"https:\/\/rnoticias.com.mx\/Portal\/wp-json\/wp\/v2\/categories?post=222019"},{"taxonomy":"post_tag","embeddable":true,"href":"https:\/\/rnoticias.com.mx\/Portal\/wp-json\/wp\/v2\/tags?post=222019"}],"curies":[{"name":"wp","href":"https:\/\/api.w.org\/{rel}","templated":true}]}}