{"id":222015,"date":"2025-06-19T20:20:41","date_gmt":"2025-06-20T03:20:41","guid":{"rendered":"https:\/\/rnoticias.com.mx\/Portal\/?p=222015"},"modified":"2025-06-19T20:20:41","modified_gmt":"2025-06-20T03:20:41","slug":"transparenta-gobierno-de-sonora-funcion-del-centro-de-atencion-de-llamadas-de-emergencia","status":"publish","type":"post","link":"https:\/\/rnoticias.com.mx\/Portal\/2025\/06\/19\/transparenta-gobierno-de-sonora-funcion-del-centro-de-atencion-de-llamadas-de-emergencia\/","title":{"rendered":"Transparenta Gobierno de Sonora funci\u00f3n del Centro de Atenci\u00f3n de Llamadas de Emergencia"},"content":{"rendered":"<p align=\"justify\">Hermosillo, Sonora; 19 de junio de 2025.- Comprometido con brindar un servicio oportuno a cada reporte que ingresa al 9-1-1, el Gobierno de Sonora, a trav\u00e9s de la Secretar\u00eda de Seguridad P\u00fablica (SSP), transparenta la funci\u00f3n del Centro de Atenci\u00f3n de Llamadas de Emergencia (CALLE) y fomenta de manera permanente la cultura del uso responsable de esta l\u00ednea.<\/p>\n<p align=\"justify\">Porque cada segundo cuenta en una situaci\u00f3n de emergencia, la SSP Sonora concientiza a la ciudadan\u00eda sobre la importancia de cuidar esta v\u00eda de comunicaci\u00f3n.<\/p>\n<p align=\"justify\">Benjam\u00edn Gonz\u00e1lez Caballero, coordinador estatal del Centro de Control, Comando, Comunicaci\u00f3n, C\u00f3mputo, Coordinaci\u00f3n e Inteligencia (C5i), explic\u00f3 que el protocolo de respuesta inmediata inicia cuando las y los operadores reciben un reporte y, con base en la informaci\u00f3n que los ciudadanos comparten, se clasifica la situaci\u00f3n.<\/p>\n<p align=\"justify\">Posteriormente, indic\u00f3 que, al contar con la ubicaci\u00f3n y detalles de la emergencia, esta se canaliza a trav\u00e9s del sistema a las corporaciones correspondientes que se encuentran \u201cbajo el mismo techo\u201d en el C5i.<\/p>\n<p align=\"justify\">Dijo que desde el C5i, se cuenta con presencia permanente de la Polic\u00eda Estatal de Seguridad P\u00fablica (PESP), polic\u00edas municipales, Agencia Ministerial de Investigaci\u00f3n Criminal (AMIC), Guardia Nacional, Secretar\u00eda de Marina, Secretar\u00eda de la Defensa Nacional (Defensa), Centro Regulador de Urgencias M\u00e9dicas (CRUM), Protecci\u00f3n Civil, Secretar\u00eda de las Mujeres, Salud Mental y Adicciones, y DIF Sonora.<\/p>\n<p align=\"justify\">Precis\u00f3 que, a trav\u00e9s de las distintas corporaciones, se despachan unidades en campo para atender la emergencia, y una vez que se brinda la atenci\u00f3n a la ciudadan\u00eda, el registro se da por concluido, no sin antes resguardar la informaci\u00f3n del incidente para posibles eventos futuros.<\/p>\n<p align=\"justify\">Por una cultura del uso responsable de la l\u00ednea de emergencias, el C5i Sonora mantiene operativos informativos en todo el estado, mediante los cuales se concientiza sobre la importante funci\u00f3n del 9-1-1.<\/p>\n","protected":false},"excerpt":{"rendered":"<p>Hermosillo, Sonora; 19 de junio de 2025.- Comprometido con brindar un servicio oportuno a cada reporte que ingresa al 9-1-1, el Gobierno de Sonora, a trav\u00e9s de la Secretar\u00eda de Seguridad P\u00fablica (SSP), transparenta la funci\u00f3n del Centro de Atenci\u00f3n de Llamadas de Emergencia (CALLE) y fomenta de manera permanente la cultura del uso responsable [&hellip;]<\/p>\n","protected":false},"author":2,"featured_media":222016,"comment_status":"closed","ping_status":"closed","sticky":false,"template":"","format":"standard","meta":{"footnotes":""},"categories":[12870,178],"tags":[12865,12869],"class_list":["post-222015","post","type-post","status-publish","format-standard","has-post-thumbnail","hentry","category-destacadas","category-local","tag-destacadas","tag-local"],"jetpack_featured_media_url":"https:\/\/rnoticias.com.mx\/Portal\/wp-content\/uploads\/2025\/06\/unnamed-19-8.jpg","amp_enabled":true,"_links":{"self":[{"href":"https:\/\/rnoticias.com.mx\/Portal\/wp-json\/wp\/v2\/posts\/222015","targetHints":{"allow":["GET"]}}],"collection":[{"href":"https:\/\/rnoticias.com.mx\/Portal\/wp-json\/wp\/v2\/posts"}],"about":[{"href":"https:\/\/rnoticias.com.mx\/Portal\/wp-json\/wp\/v2\/types\/post"}],"author":[{"embeddable":true,"href":"https:\/\/rnoticias.com.mx\/Portal\/wp-json\/wp\/v2\/users\/2"}],"replies":[{"embeddable":true,"href":"https:\/\/rnoticias.com.mx\/Portal\/wp-json\/wp\/v2\/comments?post=222015"}],"version-history":[{"count":1,"href":"https:\/\/rnoticias.com.mx\/Portal\/wp-json\/wp\/v2\/posts\/222015\/revisions"}],"predecessor-version":[{"id":222017,"href":"https:\/\/rnoticias.com.mx\/Portal\/wp-json\/wp\/v2\/posts\/222015\/revisions\/222017"}],"wp:featuredmedia":[{"embeddable":true,"href":"https:\/\/rnoticias.com.mx\/Portal\/wp-json\/wp\/v2\/media\/222016"}],"wp:attachment":[{"href":"https:\/\/rnoticias.com.mx\/Portal\/wp-json\/wp\/v2\/media?parent=222015"}],"wp:term":[{"taxonomy":"category","embeddable":true,"href":"https:\/\/rnoticias.com.mx\/Portal\/wp-json\/wp\/v2\/categories?post=222015"},{"taxonomy":"post_tag","embeddable":true,"href":"https:\/\/rnoticias.com.mx\/Portal\/wp-json\/wp\/v2\/tags?post=222015"}],"curies":[{"name":"wp","href":"https:\/\/api.w.org\/{rel}","templated":true}]}}