{"id":222012,"date":"2025-06-19T20:17:49","date_gmt":"2025-06-20T03:17:49","guid":{"rendered":"https:\/\/rnoticias.com.mx\/Portal\/?p=222012"},"modified":"2025-06-19T20:24:27","modified_gmt":"2025-06-20T03:24:27","slug":"regresa-el-festival-de-la-cerveza-en-su-xvii-edicion-un-encuentro-con-la-cultura-cervecera-la-gastronomia-sonorense-y-la-musica-local","status":"publish","type":"post","link":"https:\/\/rnoticias.com.mx\/Portal\/2025\/06\/19\/regresa-el-festival-de-la-cerveza-en-su-xvii-edicion-un-encuentro-con-la-cultura-cervecera-la-gastronomia-sonorense-y-la-musica-local\/","title":{"rendered":"Regresa el Festival de la Cerveza en su XVII edici\u00f3n: un encuentro con la cultura cervecera, la  gastronom\u00eda sonorense y la m\u00fasica local"},"content":{"rendered":"<p>Consolidado como una tradici\u00f3n desde 2008, el Festival de la Cerveza se prepara para celebrar su XVII edici\u00f3n este jueves 26 de junio, a partir de las 7:00 p.m. y hasta la 1:00 a.m., en las instalaciones de Villa Toscana.<\/p>\n<p>El evento reunir\u00e1 lo mejor de la cerveza artesanal, la gastronom\u00eda sonorense y el talento musical de la localidad.<\/p>\n<p>Este martes 17 de junio, se llev\u00f3 a cabo la rueda de prensa en las instalaciones de F\u00e1brica de Cerveza La Ruina, donde se dieron a conocer los pormenores del evento ante medios de comunicaci\u00f3n y patrocinadores.<\/p>\n<p>La conferencia fue encabezada por Julio C\u00e9sar Arballo Morales, presidente de la C\u00e1mara Nacional de la Industria de Restaurantes y Alimentos Condimentados (CANIRAC Sonora), quien dio la bienvenida a los asistentes y destac\u00f3 la relevancia del festival para la promoci\u00f3n del turismo, el consumo local y la econom\u00eda regional.<\/p>\n<p>A Arballo Morales lo acompa\u00f1aron en el pres\u00eddium:<\/p>\n<p>Marcela Flores Samaniego, vicepresidenta de CANIRAC Sonora<br \/>\nRoberto Gradillas Pineda, secretario de Econom\u00eda y Turismo del Estado de Sonora<br \/>\nFrancisco Lozano Corella, representante de Cervecer\u00eda Amante Brew<br \/>\nAlejandro Duarte, de F\u00e1brica de Cerveza La Ruina<br \/>\nMario Mill\u00e1n, del restaurante Mochomos<\/p>\n<p>Durante su intervenci\u00f3n, Arballo Morales anunci\u00f3 que el festival contar\u00e1 con m\u00e1s de 40 stands de cerveza artesanal, cervezas nacionales y propuestas gastron\u00f3micas locales, creando un espacio ideal para disfrutar en familia o con amigos.<\/p>\n<p>Adem\u00e1s, subray\u00f3 que el ambiente estar\u00e1 acompa\u00f1ado por m\u00fasica en vivo, con presentaciones de reconocidas bandas locales como La Vieja Escuela, Cartas a Venus y Nite Music Band, prometiendo una noche llena de rock, cerveza fr\u00eda y buena vibra.<\/p>\n<p>Los organizadores destacaron que este tipo de eventos impulsan el desarrollo econ\u00f3mico de la ciudad mediante la derrama econ\u00f3mica, la ocupaci\u00f3n hotelera, el consumo local y la promoci\u00f3n de la identidad gastron\u00f3mica y cultural de la regi\u00f3n.<\/p>\n<p>Esta edici\u00f3n del festival cuenta con el respaldo de importantes marcas e instituciones, entre las que destacan: Secretar\u00eda de Econom\u00eda y Turismo del Estado, Turismo Municipal, Heineken \u2013 Miller High Life, Grupo Modelo, Coca-Cola, BMW, Mazda, RAM Peugeot, Proyex Digital, Cremer\u00eda Yaqui, Peri\u00f3dico Expreso, Harina Los Gallos, Instituto Hermann Hesse, Hidrogas, entre otros.<\/p>\n<p>Recordaron las opciones y puntos de venta para adquirir sus boletos: Boletos y puntos de venta<\/p>\n<p>El costo de los boletos es de:<\/p>\n<p>$300 en preventa (M\u00e1s cargo por servicio)<br \/>\n$400 el d\u00eda del evento (M\u00e1s cargo por servicio)<br \/>\n*incluyen una cerveza de cortes\u00eda.<\/p>\n<p>Los boletos est\u00e1n disponibles en:<\/p>\n<p>Xticket.MX<br \/>\ncanirachmo.com<br \/>\nOficinas de CANIRAC Sonora: Av. del Paseo 65-A, de lunes a viernes en horario de 9:00 a.m.<br \/>\na 5:00 p.m.<\/p>\n","protected":false},"excerpt":{"rendered":"<p>Consolidado como una tradici\u00f3n desde 2008, el Festival de la Cerveza se prepara para celebrar su XVII edici\u00f3n este jueves 26 de junio, a partir de las 7:00 p.m. y hasta la 1:00 a.m., en las instalaciones de Villa Toscana. El evento reunir\u00e1 lo mejor de la cerveza artesanal, la gastronom\u00eda sonorense y el talento [&hellip;]<\/p>\n","protected":false},"author":2,"featured_media":222013,"comment_status":"closed","ping_status":"closed","sticky":false,"template":"","format":"standard","meta":{"footnotes":""},"categories":[12870,178],"tags":[12865,12869],"class_list":["post-222012","post","type-post","status-publish","format-standard","has-post-thumbnail","hentry","category-destacadas","category-local","tag-destacadas","tag-local"],"jetpack_featured_media_url":"https:\/\/rnoticias.com.mx\/Portal\/wp-content\/uploads\/2025\/06\/WhatsApp-Image-2025-06-18-at-12.19.54-PM.jpeg","amp_enabled":true,"_links":{"self":[{"href":"https:\/\/rnoticias.com.mx\/Portal\/wp-json\/wp\/v2\/posts\/222012","targetHints":{"allow":["GET"]}}],"collection":[{"href":"https:\/\/rnoticias.com.mx\/Portal\/wp-json\/wp\/v2\/posts"}],"about":[{"href":"https:\/\/rnoticias.com.mx\/Portal\/wp-json\/wp\/v2\/types\/post"}],"author":[{"embeddable":true,"href":"https:\/\/rnoticias.com.mx\/Portal\/wp-json\/wp\/v2\/users\/2"}],"replies":[{"embeddable":true,"href":"https:\/\/rnoticias.com.mx\/Portal\/wp-json\/wp\/v2\/comments?post=222012"}],"version-history":[{"count":1,"href":"https:\/\/rnoticias.com.mx\/Portal\/wp-json\/wp\/v2\/posts\/222012\/revisions"}],"predecessor-version":[{"id":222014,"href":"https:\/\/rnoticias.com.mx\/Portal\/wp-json\/wp\/v2\/posts\/222012\/revisions\/222014"}],"wp:featuredmedia":[{"embeddable":true,"href":"https:\/\/rnoticias.com.mx\/Portal\/wp-json\/wp\/v2\/media\/222013"}],"wp:attachment":[{"href":"https:\/\/rnoticias.com.mx\/Portal\/wp-json\/wp\/v2\/media?parent=222012"}],"wp:term":[{"taxonomy":"category","embeddable":true,"href":"https:\/\/rnoticias.com.mx\/Portal\/wp-json\/wp\/v2\/categories?post=222012"},{"taxonomy":"post_tag","embeddable":true,"href":"https:\/\/rnoticias.com.mx\/Portal\/wp-json\/wp\/v2\/tags?post=222012"}],"curies":[{"name":"wp","href":"https:\/\/api.w.org\/{rel}","templated":true}]}}