{"id":222009,"date":"2025-06-19T20:14:11","date_gmt":"2025-06-20T03:14:11","guid":{"rendered":"https:\/\/rnoticias.com.mx\/Portal\/?p=222009"},"modified":"2025-06-19T20:14:11","modified_gmt":"2025-06-20T03:14:11","slug":"este-viernes-inicia-oficialmente-el-verano-y-tendremos-14-horas-de-luz-solar","status":"publish","type":"post","link":"https:\/\/rnoticias.com.mx\/Portal\/2025\/06\/19\/este-viernes-inicia-oficialmente-el-verano-y-tendremos-14-horas-de-luz-solar\/","title":{"rendered":"Este viernes inicia oficialmente el verano y tendremos 14 horas de luz solar"},"content":{"rendered":"<p>Este viernes 20 de junio ser\u00e1 el d\u00eda con m\u00e1s luz solar en el a\u00f1o debido al solsticio de verano y la entrada oficial de la estaci\u00f3n, lo cual suceder\u00e1 a las 19:43 horas, tiempo de Sonora, inform\u00f3 Pablo Loera Gonz\u00e1lez, responsable del \u00e1rea de Astronom\u00eda de la Universidad de Sonora.<\/p>\n<p>\u201cEl solsticio de verano es el momento en el que el sol llega a su m\u00e1xima declinaci\u00f3n en el cielo, es decir, lo m\u00e1s al norte que va a llegar en el cielo durante el a\u00f1o. Hasta ahorita ha estado movi\u00e9ndose lentamente cada vez m\u00e1s hacia el norte, raz\u00f3n por la cual lo vemos cada vez m\u00e1s arriba.<\/p>\n<p>\u201cMa\u00f1ana, a eso de las 07:43 horas, el sol estar\u00e1 m\u00e1s cerca al polo norte celeste, a partir de entonces se va a ir desplazando m\u00e1s hac\u00eda el sur cada d\u00eda, esto implica que lo vamos a ver m\u00e1s alto en el cielo en el hemisferio norte, en el hemisferio sur ser\u00e1 lo contrario, lo ves muy bajo en el cielo\u201d, precis\u00f3 el astr\u00f3nomo.<\/p>\n<p>Puntualiz\u00f3 que debido a lo anterior se tendr\u00e1 el periodo de iluminaci\u00f3n m\u00e1s largo del a\u00f1o, 14 horas de sol y 10 de noche, mientras que en el hemisferio sur en una latitud similar tendr\u00e1n 14 horas de oscuridad y 10 de luz.<\/p>\n<p>\u201cCon el inicio oficial del verano, es una estaci\u00f3n que dura tres meses hasta el 22 de septiembre que ser\u00e1 el equinoccio de oto\u00f1o y en esa fecha el sol va a ir a medio camino, va a cruzar el Ecuador celeste\u201d, indic\u00f3.<\/p>\n<p>Mientras que este jueves, mencion\u00f3, durar\u00e1 poco menos de 14 horas, el viernes justo 14 horas y el s\u00e1bado un poco menos otra vez, y as\u00ed se ir\u00e1 reduciendo hasta llegar al equinoccio de oto\u00f1o en que exactamente ser\u00e1n 12 horas de luz y 12 horas de oscuridad.<\/p>\n<p>&nbsp;<\/p>\n<p><strong>Jugar y aprender con las sombras<\/strong><\/p>\n<p>Loera Gonz\u00e1lez coment\u00f3 que una manera de tener actividades y educativas con los ni\u00f1os, respecto a las estaciones del a\u00f1o, es la realizaci\u00f3n de un calendario solar, \u201csi tienes una pared que corre este a oeste puedes marcar d\u00f3nde se proyecta sombra a la misma hora cada d\u00eda, vas a ver que al pasar un a\u00f1o va a ser exactamente igual. Es la forma en que se hicieron los primeros calendarios en los pueblos primitivos\u201d, explic\u00f3.<\/p>\n","protected":false},"excerpt":{"rendered":"<p>Este viernes 20 de junio ser\u00e1 el d\u00eda con m\u00e1s luz solar en el a\u00f1o debido al solsticio de verano y la entrada oficial de la estaci\u00f3n, lo cual suceder\u00e1 a las 19:43 horas, tiempo de Sonora, inform\u00f3 Pablo Loera Gonz\u00e1lez, responsable del \u00e1rea de Astronom\u00eda de la Universidad de Sonora. \u201cEl solsticio de verano [&hellip;]<\/p>\n","protected":false},"author":2,"featured_media":222010,"comment_status":"closed","ping_status":"closed","sticky":false,"template":"","format":"standard","meta":{"footnotes":""},"categories":[12870,178],"tags":[12865,12869],"class_list":["post-222009","post","type-post","status-publish","format-standard","has-post-thumbnail","hentry","category-destacadas","category-local","tag-destacadas","tag-local"],"jetpack_featured_media_url":"https:\/\/rnoticias.com.mx\/Portal\/wp-content\/uploads\/2025\/06\/LLEGA-EL-VERANO-1.jpg","amp_enabled":true,"_links":{"self":[{"href":"https:\/\/rnoticias.com.mx\/Portal\/wp-json\/wp\/v2\/posts\/222009","targetHints":{"allow":["GET"]}}],"collection":[{"href":"https:\/\/rnoticias.com.mx\/Portal\/wp-json\/wp\/v2\/posts"}],"about":[{"href":"https:\/\/rnoticias.com.mx\/Portal\/wp-json\/wp\/v2\/types\/post"}],"author":[{"embeddable":true,"href":"https:\/\/rnoticias.com.mx\/Portal\/wp-json\/wp\/v2\/users\/2"}],"replies":[{"embeddable":true,"href":"https:\/\/rnoticias.com.mx\/Portal\/wp-json\/wp\/v2\/comments?post=222009"}],"version-history":[{"count":1,"href":"https:\/\/rnoticias.com.mx\/Portal\/wp-json\/wp\/v2\/posts\/222009\/revisions"}],"predecessor-version":[{"id":222011,"href":"https:\/\/rnoticias.com.mx\/Portal\/wp-json\/wp\/v2\/posts\/222009\/revisions\/222011"}],"wp:featuredmedia":[{"embeddable":true,"href":"https:\/\/rnoticias.com.mx\/Portal\/wp-json\/wp\/v2\/media\/222010"}],"wp:attachment":[{"href":"https:\/\/rnoticias.com.mx\/Portal\/wp-json\/wp\/v2\/media?parent=222009"}],"wp:term":[{"taxonomy":"category","embeddable":true,"href":"https:\/\/rnoticias.com.mx\/Portal\/wp-json\/wp\/v2\/categories?post=222009"},{"taxonomy":"post_tag","embeddable":true,"href":"https:\/\/rnoticias.com.mx\/Portal\/wp-json\/wp\/v2\/tags?post=222009"}],"curies":[{"name":"wp","href":"https:\/\/api.w.org\/{rel}","templated":true}]}}