{"id":222006,"date":"2025-06-19T20:12:26","date_gmt":"2025-06-20T03:12:26","guid":{"rendered":"https:\/\/rnoticias.com.mx\/Portal\/?p=222006"},"modified":"2025-06-19T20:12:26","modified_gmt":"2025-06-20T03:12:26","slug":"alejandra-valencia-fija-punteria-para-conseguir-plaza-a-los-jcc-2026","status":"publish","type":"post","link":"https:\/\/rnoticias.com.mx\/Portal\/2025\/06\/19\/alejandra-valencia-fija-punteria-para-conseguir-plaza-a-los-jcc-2026\/","title":{"rendered":"ALEJANDRA VALENCIA FIJA PUNTER\u00cdA PARA CONSEGUIR PLAZA A LOS JCC 2026"},"content":{"rendered":"<p class=\"x_gmail-MsoNoSpacing\"><span data-olk-copy-source=\"MessageBody\">Hermosillo, Sonora, 19 de junio del 2025.- La arquera sonorense Alejandra Valencia lider\u00f3 al equipo mexicano de arco recurvo femenil para conseguir el pase a los Juegos Centroamericanos y del Caribe 2026, dentro de la Copa Merengue, que tiene lugar en Santo Domingo, Rep\u00fablica Dominicana.<\/span><\/p>\n<p class=\"x_gmail-MsoNoSpacing\">\n<p class=\"x_gmail-MsoNoSpacing\">La competencia que defini\u00f3 los lugares fue la eliminatoria por Equipos Femenil, pues las cuatro selecciones semifinalistas de la modalidad de arco recurvo consiguieron las plazas para los JCC 2026, a efectuarse en la misma capital dominicana, del 24 de julio al 8 de agosto del a\u00f1o pr\u00f3ximo.<\/p>\n<p class=\"x_gmail-MsoNoSpacing\">\n<p class=\"x_gmail-MsoNoSpacing\">Por lo tanto, el equipo que integraron Alejandra Valencia, Valentina V\u00e1zquez y Yareni Chab \u2013quienes finalizaron como primeras del ranking con 1,926 puntos-, fich\u00f3 su lugar en el torneo centroamericano al lado de Guatemala, Cuba y Colombia. M\u00e9xico venci\u00f3 6-0 a Panam\u00e1 para pasar a las semifinales y a la vez amarrar el boleto.<\/p>\n<p class=\"x_gmail-MsoNoSpacing\">\n<p class=\"x_gmail-MsoNoSpacing\">De tal forma, en semifinales, M\u00e9xico enfrentar\u00e1 a Guatemala y Cuba va contra Colombia, en busca de las medallas de oro, plata y bronce, ya dentro de la d\u00e9cima edici\u00f3n de la Copa Merengue, la cual es puntuable para la clasificaci\u00f3n mundial.<\/p>\n<p class=\"x_gmail-MsoNoSpacing\">\n<p class=\"x_gmail-MsoNoSpacing\">En la Ronda Individual de ese certamen, Valencia Trujillo sum\u00f3 665 puntos despu\u00e9s de que, tras lanzar las 72 flechas reglamentarias, acumul\u00f3 335 y 330 unidades en la doble distancia de 70 metros; su compa\u00f1era Valentina V\u00e1zquez termin\u00f3 segunda (657) y la colombiana Ana Mar\u00eda Rend\u00f3n tercera (654). Las otras dos mexicanas, Yareni Chab (604) y Karime Montoya (550), finalizaron en los puestos 12 y 29, respectivamente.<\/p>\n<p class=\"x_gmail-MsoNoSpacing\">\n<p class=\"x_gmail-MsoNoSpacing\">Adem\u00e1s, como se mencion\u00f3, la doble medallista ol\u00edmpica, junto a V\u00e1zquez y Chab, terminaron en la primera posici\u00f3n de Equipos Femenil (1,926), mientras que, en Parejas Mixta, la sonorense, al lado de Carlos Rojas \u2013el mejor azteca al quedar tercero con 660-, concluyeron en el segundo puesto (1,325). Las competencias de la Copa Merengue seguir\u00e1n el viernes y s\u00e1bado para culminar el domingo.<\/p>\n","protected":false},"excerpt":{"rendered":"<p>Hermosillo, Sonora, 19 de junio del 2025.- La arquera sonorense Alejandra Valencia lider\u00f3 al equipo mexicano de arco recurvo femenil para conseguir el pase a los Juegos Centroamericanos y del Caribe 2026, dentro de la Copa Merengue, que tiene lugar en Santo Domingo, Rep\u00fablica Dominicana. La competencia que defini\u00f3 los lugares fue la eliminatoria por [&hellip;]<\/p>\n","protected":false},"author":2,"featured_media":222007,"comment_status":"closed","ping_status":"closed","sticky":false,"template":"","format":"standard","meta":{"footnotes":""},"categories":[188,12870],"tags":[5231,12865],"class_list":["post-222006","post","type-post","status-publish","format-standard","has-post-thumbnail","hentry","category-deportes","category-destacadas","tag-deportes","tag-destacadas"],"jetpack_featured_media_url":"https:\/\/rnoticias.com.mx\/Portal\/wp-content\/uploads\/2025\/06\/Ale-Vale-JCC-2026-pase.jpg","amp_enabled":true,"_links":{"self":[{"href":"https:\/\/rnoticias.com.mx\/Portal\/wp-json\/wp\/v2\/posts\/222006","targetHints":{"allow":["GET"]}}],"collection":[{"href":"https:\/\/rnoticias.com.mx\/Portal\/wp-json\/wp\/v2\/posts"}],"about":[{"href":"https:\/\/rnoticias.com.mx\/Portal\/wp-json\/wp\/v2\/types\/post"}],"author":[{"embeddable":true,"href":"https:\/\/rnoticias.com.mx\/Portal\/wp-json\/wp\/v2\/users\/2"}],"replies":[{"embeddable":true,"href":"https:\/\/rnoticias.com.mx\/Portal\/wp-json\/wp\/v2\/comments?post=222006"}],"version-history":[{"count":1,"href":"https:\/\/rnoticias.com.mx\/Portal\/wp-json\/wp\/v2\/posts\/222006\/revisions"}],"predecessor-version":[{"id":222008,"href":"https:\/\/rnoticias.com.mx\/Portal\/wp-json\/wp\/v2\/posts\/222006\/revisions\/222008"}],"wp:featuredmedia":[{"embeddable":true,"href":"https:\/\/rnoticias.com.mx\/Portal\/wp-json\/wp\/v2\/media\/222007"}],"wp:attachment":[{"href":"https:\/\/rnoticias.com.mx\/Portal\/wp-json\/wp\/v2\/media?parent=222006"}],"wp:term":[{"taxonomy":"category","embeddable":true,"href":"https:\/\/rnoticias.com.mx\/Portal\/wp-json\/wp\/v2\/categories?post=222006"},{"taxonomy":"post_tag","embeddable":true,"href":"https:\/\/rnoticias.com.mx\/Portal\/wp-json\/wp\/v2\/tags?post=222006"}],"curies":[{"name":"wp","href":"https:\/\/api.w.org\/{rel}","templated":true}]}}