{"id":222000,"date":"2025-06-19T20:04:39","date_gmt":"2025-06-20T03:04:39","guid":{"rendered":"https:\/\/rnoticias.com.mx\/Portal\/?p=222000"},"modified":"2025-06-19T20:04:39","modified_gmt":"2025-06-20T03:04:39","slug":"hermosillo-sera-la-primera-ciudad-en-mexico-con-25-camiones-electricos","status":"publish","type":"post","link":"https:\/\/rnoticias.com.mx\/Portal\/2025\/06\/19\/hermosillo-sera-la-primera-ciudad-en-mexico-con-25-camiones-electricos\/","title":{"rendered":"Hermosillo ser\u00e1 la primera ciudad en M\u00e9xico con 25 camiones el\u00e9ctricos"},"content":{"rendered":"<p>Hermosillo, Sonora. A finales de julio, Hermosillo contar\u00e1 con 25 camiones el\u00e9ctricos para la recolecci\u00f3n de basura, convirti\u00e9ndose en el primer municipio en M\u00e9xico con una flotilla de este tipo.<\/p>\n<p>&nbsp;<\/p>\n<p>El titular de\u00a0Servicios P\u00fablicos Municipales,\u00a0Sergio Pavlovich dijo que esta modernizaci\u00f3n representa un avance ecol\u00f3gico y tambi\u00e9n un ahorro de hasta 600 mil pesos por unidad al a\u00f1o en combustible.<\/p>\n<p>&nbsp;<\/p>\n<p>\u201cActualmente, operan 67 de las 83 unidades existentes. Con la llegada de los nuevos veh\u00edculos, se retirar\u00e1n los camiones en mal estado y se capacitar\u00e1 a 400 operadores en su manejo. Cada recolector el\u00e9ctrico tendr\u00e1 capacidad de carga de siete toneladas\u201d, cont\u00f3.<\/p>\n<p>&nbsp;<\/p>\n","protected":false},"excerpt":{"rendered":"<p>Hermosillo, Sonora. A finales de julio, Hermosillo contar\u00e1 con 25 camiones el\u00e9ctricos para la recolecci\u00f3n de basura, convirti\u00e9ndose en el primer municipio en M\u00e9xico con una flotilla de este tipo. &nbsp; El titular de\u00a0Servicios P\u00fablicos Municipales,\u00a0Sergio Pavlovich dijo que esta modernizaci\u00f3n representa un avance ecol\u00f3gico y tambi\u00e9n un ahorro de hasta 600 mil pesos por [&hellip;]<\/p>\n","protected":false},"author":2,"featured_media":222001,"comment_status":"closed","ping_status":"closed","sticky":false,"template":"","format":"standard","meta":{"footnotes":""},"categories":[12870,178],"tags":[12865,12869],"class_list":["post-222000","post","type-post","status-publish","format-standard","has-post-thumbnail","hentry","category-destacadas","category-local","tag-destacadas","tag-local"],"jetpack_featured_media_url":"https:\/\/rnoticias.com.mx\/Portal\/wp-content\/uploads\/2025\/06\/hermosillo-contara-con-25-camiones-electricos-para-recoleccion-de-basura-585815.jpg","amp_enabled":true,"_links":{"self":[{"href":"https:\/\/rnoticias.com.mx\/Portal\/wp-json\/wp\/v2\/posts\/222000","targetHints":{"allow":["GET"]}}],"collection":[{"href":"https:\/\/rnoticias.com.mx\/Portal\/wp-json\/wp\/v2\/posts"}],"about":[{"href":"https:\/\/rnoticias.com.mx\/Portal\/wp-json\/wp\/v2\/types\/post"}],"author":[{"embeddable":true,"href":"https:\/\/rnoticias.com.mx\/Portal\/wp-json\/wp\/v2\/users\/2"}],"replies":[{"embeddable":true,"href":"https:\/\/rnoticias.com.mx\/Portal\/wp-json\/wp\/v2\/comments?post=222000"}],"version-history":[{"count":1,"href":"https:\/\/rnoticias.com.mx\/Portal\/wp-json\/wp\/v2\/posts\/222000\/revisions"}],"predecessor-version":[{"id":222002,"href":"https:\/\/rnoticias.com.mx\/Portal\/wp-json\/wp\/v2\/posts\/222000\/revisions\/222002"}],"wp:featuredmedia":[{"embeddable":true,"href":"https:\/\/rnoticias.com.mx\/Portal\/wp-json\/wp\/v2\/media\/222001"}],"wp:attachment":[{"href":"https:\/\/rnoticias.com.mx\/Portal\/wp-json\/wp\/v2\/media?parent=222000"}],"wp:term":[{"taxonomy":"category","embeddable":true,"href":"https:\/\/rnoticias.com.mx\/Portal\/wp-json\/wp\/v2\/categories?post=222000"},{"taxonomy":"post_tag","embeddable":true,"href":"https:\/\/rnoticias.com.mx\/Portal\/wp-json\/wp\/v2\/tags?post=222000"}],"curies":[{"name":"wp","href":"https:\/\/api.w.org\/{rel}","templated":true}]}}