{"id":221997,"date":"2025-06-19T20:01:15","date_gmt":"2025-06-20T03:01:15","guid":{"rendered":"https:\/\/rnoticias.com.mx\/Portal\/?p=221997"},"modified":"2025-06-19T20:01:15","modified_gmt":"2025-06-20T03:01:15","slug":"respalda-ctm-sonora-avances-con-la-ley-silla","status":"publish","type":"post","link":"https:\/\/rnoticias.com.mx\/Portal\/2025\/06\/19\/respalda-ctm-sonora-avances-con-la-ley-silla\/","title":{"rendered":"Respalda CTM Sonora avances con la Ley Silla"},"content":{"rendered":"<p>La Ley Silla representa un avance importante en materia de derechos laborales, consider\u00f3 Javier Villarreal G\u00e1mez, dirigente de la CTM en Sonora.<\/p>\n<p>&nbsp;<\/p>\n<p>Destac\u00f3 que se trata de una medida justa y humana que debe implementarse con sensibilidad seg\u00fan las condiciones de cada empresa e industria.<\/p>\n<p>&nbsp;<\/p>\n<p>\u201cLa Ley Silla creo que es un buen logro, solo que tiene un periodo de ajuste de seis meses donde las empresas ver\u00e1n de acuerdo a sus negocios como lo adecuan, si tienen una cajera ponerle un banquito, si es una maquiladora y se debe solo estar siempre de pie, darles chanza una media hora para que descansen\u201d, cont\u00f3.<\/p>\n<p>&nbsp;<\/p>\n<p>Abund\u00f3, que los trabajadores, junto con sus sindicatos, deber\u00e1n exigir su cumplimiento y negociar condiciones espec\u00edficas, como permitir pausas de descanso o el uso de sillas en tareas que as\u00ed lo permitan, como las de vigilancia o cajas de supermercado.<\/p>\n<p>&nbsp;<\/p>\n<p>El l\u00edder sindical subray\u00f3 que ser\u00e1 fundamental la participaci\u00f3n activa de la Secretar\u00eda del Trabajo a trav\u00e9s de inspecciones que garanticen que la ley se cumpla conforme a lo estipulado.<\/p>\n<p>&nbsp;<\/p>\n<p>\u201cVamos a exigir que se vigile que las condiciones laborales se ajusten, pero tambi\u00e9n los trabajadores deben ejercer su derecho y reclamar lo que por ley les corresponde\u201d, enfatiz\u00f3.<\/p>\n<p>&nbsp;<\/p>\n<p>Finalmente, Villarreal reconoci\u00f3 que esta legislaci\u00f3n fue impulsada por la sonorense Patricia Mercado, quien desde su paso por el Senado y ahora como diputada logr\u00f3 concretarla.<\/p>\n<p>&nbsp;<\/p>\n<p>\u201cHay que reconocer que fue un buen logro\u201d, dijo, agradeciendo el inter\u00e9s en difundir este tipo de avances en beneficio de la clase trabajadora.<\/p>\n","protected":false},"excerpt":{"rendered":"<p>La Ley Silla representa un avance importante en materia de derechos laborales, consider\u00f3 Javier Villarreal G\u00e1mez, dirigente de la CTM en Sonora. &nbsp; Destac\u00f3 que se trata de una medida justa y humana que debe implementarse con sensibilidad seg\u00fan las condiciones de cada empresa e industria. &nbsp; \u201cLa Ley Silla creo que es un buen [&hellip;]<\/p>\n","protected":false},"author":2,"featured_media":221998,"comment_status":"closed","ping_status":"closed","sticky":false,"template":"","format":"standard","meta":{"footnotes":""},"categories":[12870,178],"tags":[12865,12869],"class_list":["post-221997","post","type-post","status-publish","format-standard","has-post-thumbnail","hentry","category-destacadas","category-local","tag-destacadas","tag-local"],"jetpack_featured_media_url":"https:\/\/rnoticias.com.mx\/Portal\/wp-content\/uploads\/2025\/06\/JAVIER-VILLARREAL-1-OCTUBRE-2-900x554-1.jpg","amp_enabled":true,"_links":{"self":[{"href":"https:\/\/rnoticias.com.mx\/Portal\/wp-json\/wp\/v2\/posts\/221997","targetHints":{"allow":["GET"]}}],"collection":[{"href":"https:\/\/rnoticias.com.mx\/Portal\/wp-json\/wp\/v2\/posts"}],"about":[{"href":"https:\/\/rnoticias.com.mx\/Portal\/wp-json\/wp\/v2\/types\/post"}],"author":[{"embeddable":true,"href":"https:\/\/rnoticias.com.mx\/Portal\/wp-json\/wp\/v2\/users\/2"}],"replies":[{"embeddable":true,"href":"https:\/\/rnoticias.com.mx\/Portal\/wp-json\/wp\/v2\/comments?post=221997"}],"version-history":[{"count":1,"href":"https:\/\/rnoticias.com.mx\/Portal\/wp-json\/wp\/v2\/posts\/221997\/revisions"}],"predecessor-version":[{"id":221999,"href":"https:\/\/rnoticias.com.mx\/Portal\/wp-json\/wp\/v2\/posts\/221997\/revisions\/221999"}],"wp:featuredmedia":[{"embeddable":true,"href":"https:\/\/rnoticias.com.mx\/Portal\/wp-json\/wp\/v2\/media\/221998"}],"wp:attachment":[{"href":"https:\/\/rnoticias.com.mx\/Portal\/wp-json\/wp\/v2\/media?parent=221997"}],"wp:term":[{"taxonomy":"category","embeddable":true,"href":"https:\/\/rnoticias.com.mx\/Portal\/wp-json\/wp\/v2\/categories?post=221997"},{"taxonomy":"post_tag","embeddable":true,"href":"https:\/\/rnoticias.com.mx\/Portal\/wp-json\/wp\/v2\/tags?post=221997"}],"curies":[{"name":"wp","href":"https:\/\/api.w.org\/{rel}","templated":true}]}}