{"id":221994,"date":"2025-06-19T19:59:00","date_gmt":"2025-06-20T02:59:00","guid":{"rendered":"https:\/\/rnoticias.com.mx\/Portal\/?p=221994"},"modified":"2025-06-19T19:59:00","modified_gmt":"2025-06-20T02:59:00","slug":"sader-resalta-buenos-resultados-en-cosecha-de-tomate-en-sonora","status":"publish","type":"post","link":"https:\/\/rnoticias.com.mx\/Portal\/2025\/06\/19\/sader-resalta-buenos-resultados-en-cosecha-de-tomate-en-sonora\/","title":{"rendered":"SADER resalta buenos resultados en cosecha de tomate en Sonora"},"content":{"rendered":"<p>Hermosillo, Sonora. La cosecha de tomate en Sonora concluye con buenos resultados en producci\u00f3n y generaci\u00f3n de empleos, inform\u00f3 Sa\u00fal Delgado Escalante.<\/p>\n<p>&nbsp;<\/p>\n<p>El jefe del Programa de Fomento Agropecuario de la SADER, expuso que se cultivaron 1,200 hect\u00e1reas, principalmente en el sur, con rendimientos de 8,500 a 9,000 cajas por hect\u00e1rea.<\/p>\n<p>&nbsp;<\/p>\n<p>\u201cEl valor estimado de la producci\u00f3n es de 1,400 millones de pesos. El 70% se exporta, sobre todo a EE.UU., y el resto se vende en M\u00e9xico\u201d, cont\u00f3.<\/p>\n<p>&nbsp;<\/p>\n<p>Destac\u00f3 que el acompa\u00f1amiento t\u00e9cnico, la sanidad vegetal y subsidios, como el de tarifas el\u00e9ctricas, han sido clave para mantener la competitividad y calidad del tomate sonorense en mercados exigentes.<\/p>\n<p>&nbsp;<\/p>\n<p>A\u00f1adi\u00f3 que el acompa\u00f1amiento t\u00e9cnico, la sanidad vegetal y subsidios como el de tarifas el\u00e9ctricas han sido fundamentales para mantener la competitividad del tomate sonorense en mercados exigentes.<\/p>\n<p>&nbsp;<\/p>\n<p>Finalmente, el funcionario subray\u00f3 que este cultivo ha sido clave para sostener el dinamismo econ\u00f3mico en los valles agr\u00edcolas, al brindar empleos y liquidez en tiempos dif\u00edciles.<\/p>\n<p>&nbsp;<\/p>\n<p>\u201cDefinitivamente podemos considerar que el tomate fue uno de los cultivos que vino a darle aliento al campo sonorense\u201d, concluy\u00f3.<\/p>\n","protected":false},"excerpt":{"rendered":"<p>Hermosillo, Sonora. La cosecha de tomate en Sonora concluye con buenos resultados en producci\u00f3n y generaci\u00f3n de empleos, inform\u00f3 Sa\u00fal Delgado Escalante. &nbsp; El jefe del Programa de Fomento Agropecuario de la SADER, expuso que se cultivaron 1,200 hect\u00e1reas, principalmente en el sur, con rendimientos de 8,500 a 9,000 cajas por hect\u00e1rea. &nbsp; \u201cEl valor [&hellip;]<\/p>\n","protected":false},"author":2,"featured_media":221995,"comment_status":"closed","ping_status":"closed","sticky":false,"template":"","format":"standard","meta":{"footnotes":""},"categories":[12870,178],"tags":[12865,12869],"class_list":["post-221994","post","type-post","status-publish","format-standard","has-post-thumbnail","hentry","category-destacadas","category-local","tag-destacadas","tag-local"],"jetpack_featured_media_url":"https:\/\/rnoticias.com.mx\/Portal\/wp-content\/uploads\/2025\/06\/webimage-Tomate-Mision.webp","amp_enabled":true,"_links":{"self":[{"href":"https:\/\/rnoticias.com.mx\/Portal\/wp-json\/wp\/v2\/posts\/221994","targetHints":{"allow":["GET"]}}],"collection":[{"href":"https:\/\/rnoticias.com.mx\/Portal\/wp-json\/wp\/v2\/posts"}],"about":[{"href":"https:\/\/rnoticias.com.mx\/Portal\/wp-json\/wp\/v2\/types\/post"}],"author":[{"embeddable":true,"href":"https:\/\/rnoticias.com.mx\/Portal\/wp-json\/wp\/v2\/users\/2"}],"replies":[{"embeddable":true,"href":"https:\/\/rnoticias.com.mx\/Portal\/wp-json\/wp\/v2\/comments?post=221994"}],"version-history":[{"count":1,"href":"https:\/\/rnoticias.com.mx\/Portal\/wp-json\/wp\/v2\/posts\/221994\/revisions"}],"predecessor-version":[{"id":221996,"href":"https:\/\/rnoticias.com.mx\/Portal\/wp-json\/wp\/v2\/posts\/221994\/revisions\/221996"}],"wp:featuredmedia":[{"embeddable":true,"href":"https:\/\/rnoticias.com.mx\/Portal\/wp-json\/wp\/v2\/media\/221995"}],"wp:attachment":[{"href":"https:\/\/rnoticias.com.mx\/Portal\/wp-json\/wp\/v2\/media?parent=221994"}],"wp:term":[{"taxonomy":"category","embeddable":true,"href":"https:\/\/rnoticias.com.mx\/Portal\/wp-json\/wp\/v2\/categories?post=221994"},{"taxonomy":"post_tag","embeddable":true,"href":"https:\/\/rnoticias.com.mx\/Portal\/wp-json\/wp\/v2\/tags?post=221994"}],"curies":[{"name":"wp","href":"https:\/\/api.w.org\/{rel}","templated":true}]}}