{"id":221988,"date":"2025-06-19T19:33:29","date_gmt":"2025-06-20T02:33:29","guid":{"rendered":"https:\/\/rnoticias.com.mx\/Portal\/?p=221988"},"modified":"2025-06-19T19:33:29","modified_gmt":"2025-06-20T02:33:29","slug":"invitan-a-regularizar-creditos-solidarios-y-productivos-en-sonora","status":"publish","type":"post","link":"https:\/\/rnoticias.com.mx\/Portal\/2025\/06\/19\/invitan-a-regularizar-creditos-solidarios-y-productivos-en-sonora\/","title":{"rendered":"Invitan a regularizar cr\u00e9ditos solidarios y productivos en Sonora"},"content":{"rendered":"<p><span style=\"font-size: 16.0pt;\">La Financiera para el Bienestar en Sonora hace un llamado a las personas beneficiarias de los cr\u00e9ditos solidarios y productivos otorgados durante la pandemia por COVID-19 para que se acerquen a regularizar sus pagos. <\/span><\/p>\n<p><span style=\"font-size: 16.0pt;\">\u00a0<\/span><\/p>\n<p><span style=\"font-size: 16.0pt;\">Ana Garc\u00eda Jim\u00e9nez, gerente estatal de la instituci\u00f3n, inform\u00f3 que actualmente se lleva a cabo una campa\u00f1a para invitar a los acreditados a cumplir con sus reembolsos a trav\u00e9s de las 62 sucursales que operan en 54 municipios del estado.<\/span><\/p>\n<p><span style=\"font-size: 16.0pt;\">\u00a0<\/span><\/p>\n<p><span style=\"font-size: 16.0pt;\">\u201cEstos cr\u00e9ditos fueron otorgados a peque\u00f1os comerciantes, personas emprendedoras que trabajan por su cuenta y se encontraban en esta de vulnerabilidad econ\u00f3mica, obviamente eran tiempos dif\u00edciles y estos cr\u00e9ditos se otorgaron con recursos para recuperarse de manera muy f\u00e1cil, unos con intereses y otros con muy poco de inter\u00e9s\u201d, dijo.<\/span><\/p>\n<p><span style=\"font-size: 16.0pt;\">\u00a0<\/span><\/p>\n<p><span style=\"font-size: 16.0pt;\">La funcionaria explic\u00f3 que esta recuperaci\u00f3n de cr\u00e9ditos es fundamental para que la Financiera pueda seguir otorgando apoyos a quienes m\u00e1s los necesitan. <\/span><\/p>\n<p><span style=\"font-size: 16.0pt;\">\u00a0<\/span><\/p>\n<p><span style=\"font-size: 16.0pt;\">Igualmente reconoci\u00f3, que existen retrasos, pero subray\u00f3 que cada caso se revisa de manera puntual para ofrecer facilidades personalizadas.\u00a0<\/span><\/p>\n<p>&nbsp;<\/p>\n<p><span style=\"font-size: 16.0pt;\">&#8220;La \u00fanica v\u00eda para regularizarse es acudir directamente a las sucursales, ya que no se est\u00e1n solicitando pagos por tel\u00e9fono ni a trav\u00e9s de bancos privados&#8221;, culmin\u00f3.<\/span><\/p>\n","protected":false},"excerpt":{"rendered":"<p>La Financiera para el Bienestar en Sonora hace un llamado a las personas beneficiarias de los cr\u00e9ditos solidarios y productivos otorgados durante la pandemia por COVID-19 para que se acerquen a regularizar sus pagos. \u00a0 Ana Garc\u00eda Jim\u00e9nez, gerente estatal de la instituci\u00f3n, inform\u00f3 que actualmente se lleva a cabo una campa\u00f1a para invitar a [&hellip;]<\/p>\n","protected":false},"author":2,"featured_media":221989,"comment_status":"closed","ping_status":"closed","sticky":false,"template":"","format":"standard","meta":{"footnotes":""},"categories":[12870,178],"tags":[12865,12869],"class_list":["post-221988","post","type-post","status-publish","format-standard","has-post-thumbnail","hentry","category-destacadas","category-local","tag-destacadas","tag-local"],"jetpack_featured_media_url":"https:\/\/rnoticias.com.mx\/Portal\/wp-content\/uploads\/2025\/06\/WhatsApp-Image-2025-06-19-at-7.32.34-PM.jpeg","amp_enabled":true,"_links":{"self":[{"href":"https:\/\/rnoticias.com.mx\/Portal\/wp-json\/wp\/v2\/posts\/221988","targetHints":{"allow":["GET"]}}],"collection":[{"href":"https:\/\/rnoticias.com.mx\/Portal\/wp-json\/wp\/v2\/posts"}],"about":[{"href":"https:\/\/rnoticias.com.mx\/Portal\/wp-json\/wp\/v2\/types\/post"}],"author":[{"embeddable":true,"href":"https:\/\/rnoticias.com.mx\/Portal\/wp-json\/wp\/v2\/users\/2"}],"replies":[{"embeddable":true,"href":"https:\/\/rnoticias.com.mx\/Portal\/wp-json\/wp\/v2\/comments?post=221988"}],"version-history":[{"count":1,"href":"https:\/\/rnoticias.com.mx\/Portal\/wp-json\/wp\/v2\/posts\/221988\/revisions"}],"predecessor-version":[{"id":221990,"href":"https:\/\/rnoticias.com.mx\/Portal\/wp-json\/wp\/v2\/posts\/221988\/revisions\/221990"}],"wp:featuredmedia":[{"embeddable":true,"href":"https:\/\/rnoticias.com.mx\/Portal\/wp-json\/wp\/v2\/media\/221989"}],"wp:attachment":[{"href":"https:\/\/rnoticias.com.mx\/Portal\/wp-json\/wp\/v2\/media?parent=221988"}],"wp:term":[{"taxonomy":"category","embeddable":true,"href":"https:\/\/rnoticias.com.mx\/Portal\/wp-json\/wp\/v2\/categories?post=221988"},{"taxonomy":"post_tag","embeddable":true,"href":"https:\/\/rnoticias.com.mx\/Portal\/wp-json\/wp\/v2\/tags?post=221988"}],"curies":[{"name":"wp","href":"https:\/\/api.w.org\/{rel}","templated":true}]}}