{"id":221985,"date":"2025-06-19T18:47:55","date_gmt":"2025-06-20T01:47:55","guid":{"rendered":"https:\/\/rnoticias.com.mx\/Portal\/?p=221985"},"modified":"2025-06-19T18:47:55","modified_gmt":"2025-06-20T01:47:55","slug":"real-madrid-informa-que-mbappe-fue-hospitalizado","status":"publish","type":"post","link":"https:\/\/rnoticias.com.mx\/Portal\/2025\/06\/19\/real-madrid-informa-que-mbappe-fue-hospitalizado\/","title":{"rendered":"Real Madrid informa que Mbapp\u00e9 fue hospitalizado"},"content":{"rendered":"<p>Real Madrid anunci\u00f3 este jueves que Kylian Mbapp\u00e9 fue hospitalizado tras presentar un cuadro agudo de gastroenteritis.<\/p>\n<p>A trav\u00e9s de redes sociales, el club merengue dio a conocer la noticia y detall\u00f3 que el jugador ser\u00e1 sometido a varias pruebas para que sea tratado a la brevedad.<\/p>\n<p>\u00abNuestro jugador Kylian Mbapp\u00e9 presenta un cuadro agudo de gastroenteritis y ha sido hospitalizado para realizarle diferentes pruebas y aplicarle el correspondiente tratamiento\u00bb, explica el comunicado.<\/p>\n<p>El equipo no aclar\u00f3 si el franc\u00e9s podr\u00e1 estar disponible para el segundo partido del equipo en el Mundial de Clubes, el cual se jugar\u00e1 el domingo 19 de junio contra Pachuca.<\/p>\n<p>Mbapp\u00e9 fue baja de \u00faltimo momento y se perdi\u00f3 el debut del Madrid en el torneo ante Al-Hilal por molestias f\u00edsicas.<\/p>\n<p>&nbsp;<\/p>\n","protected":false},"excerpt":{"rendered":"<p>Real Madrid anunci\u00f3 este jueves que Kylian Mbapp\u00e9 fue hospitalizado tras presentar un cuadro agudo de gastroenteritis. A trav\u00e9s de redes sociales, el club merengue dio a conocer la noticia y detall\u00f3 que el jugador ser\u00e1 sometido a varias pruebas para que sea tratado a la brevedad. \u00abNuestro jugador Kylian Mbapp\u00e9 presenta un cuadro agudo [&hellip;]<\/p>\n","protected":false},"author":2,"featured_media":221986,"comment_status":"closed","ping_status":"closed","sticky":false,"template":"","format":"standard","meta":{"footnotes":""},"categories":[188,12870],"tags":[5231,12865],"class_list":["post-221985","post","type-post","status-publish","format-standard","has-post-thumbnail","hentry","category-deportes","category-destacadas","tag-deportes","tag-destacadas"],"jetpack_featured_media_url":"https:\/\/rnoticias.com.mx\/Portal\/wp-content\/uploads\/2025\/06\/d8af798c-c929-4e54-a9d8-7e5afd2b996f_alta-libre-aspect-ratio_default_0.webp","amp_enabled":true,"_links":{"self":[{"href":"https:\/\/rnoticias.com.mx\/Portal\/wp-json\/wp\/v2\/posts\/221985","targetHints":{"allow":["GET"]}}],"collection":[{"href":"https:\/\/rnoticias.com.mx\/Portal\/wp-json\/wp\/v2\/posts"}],"about":[{"href":"https:\/\/rnoticias.com.mx\/Portal\/wp-json\/wp\/v2\/types\/post"}],"author":[{"embeddable":true,"href":"https:\/\/rnoticias.com.mx\/Portal\/wp-json\/wp\/v2\/users\/2"}],"replies":[{"embeddable":true,"href":"https:\/\/rnoticias.com.mx\/Portal\/wp-json\/wp\/v2\/comments?post=221985"}],"version-history":[{"count":1,"href":"https:\/\/rnoticias.com.mx\/Portal\/wp-json\/wp\/v2\/posts\/221985\/revisions"}],"predecessor-version":[{"id":221987,"href":"https:\/\/rnoticias.com.mx\/Portal\/wp-json\/wp\/v2\/posts\/221985\/revisions\/221987"}],"wp:featuredmedia":[{"embeddable":true,"href":"https:\/\/rnoticias.com.mx\/Portal\/wp-json\/wp\/v2\/media\/221986"}],"wp:attachment":[{"href":"https:\/\/rnoticias.com.mx\/Portal\/wp-json\/wp\/v2\/media?parent=221985"}],"wp:term":[{"taxonomy":"category","embeddable":true,"href":"https:\/\/rnoticias.com.mx\/Portal\/wp-json\/wp\/v2\/categories?post=221985"},{"taxonomy":"post_tag","embeddable":true,"href":"https:\/\/rnoticias.com.mx\/Portal\/wp-json\/wp\/v2\/tags?post=221985"}],"curies":[{"name":"wp","href":"https:\/\/api.w.org\/{rel}","templated":true}]}}