{"id":221973,"date":"2025-06-19T17:45:38","date_gmt":"2025-06-20T00:45:38","guid":{"rendered":"https:\/\/rnoticias.com.mx\/Portal\/?p=221973"},"modified":"2025-06-19T17:45:38","modified_gmt":"2025-06-20T00:45:38","slug":"gobernador-durazo-y-presidenta-de-dif-sonora-rocio-chavez-benefician-a-adultos-mayores-con-el-primer-centro-de-asistencia-publica","status":"publish","type":"post","link":"https:\/\/rnoticias.com.mx\/Portal\/2025\/06\/19\/gobernador-durazo-y-presidenta-de-dif-sonora-rocio-chavez-benefician-a-adultos-mayores-con-el-primer-centro-de-asistencia-publica\/","title":{"rendered":"Gobernador Durazo y presidenta de DIF Sonora, Roc\u00edo Ch\u00e1vez, benefician a adultos mayores con el primer centro de asistencia p\u00fablica"},"content":{"rendered":"<p align=\"left\">Hermosillo, Sonora; 19 de junio de 2025.\u2013 Con el objetivo de promover el sano esparcimiento y proteger la salud de personas adultas mayores, la presidenta honoraria del Sistema para el Desarrollo Integral de la Familia (DIF) Sonora, Mar\u00eda del Roc\u00edo Ch\u00e1vez Murillo, inaugur\u00f3 la remodelaci\u00f3n del primer Centro P\u00fablico de Asistencia Social para Personas Mayores \u201cAna Mar\u00eda L\u00f3pez Rodr\u00edguez\u201d, obra impulsada por el gobernador Alfonso Durazo Monta\u00f1o.<\/p>\n<p align=\"left\">Durante la ceremonia, Mar\u00eda del Roc\u00edo Ch\u00e1vez, acompa\u00f1ada por Mar\u00eda del Mar Durazo Ch\u00e1vez, presidenta honoraria del Voluntariado de DIF Sonora, y la activista social Ana Mar\u00eda L\u00f3pez Rodr\u00edguez, destac\u00f3 que se destin\u00f3 una inversi\u00f3n de 18 millones de pesos para la rehabilitaci\u00f3n y acondicionamiento de este espacio, en el que se brindar\u00e1 atenci\u00f3n diaria a 30 personas, con servicios de apoyo asistencial, asesor\u00edas jur\u00eddicas, talleres recreativos, deportivos y culturales, as\u00ed como atenci\u00f3n psicol\u00f3gica.<\/p>\n<p align=\"left\">\u201cEs un centro que me llena de orgullo y emoci\u00f3n, porque es sumamente digno, como siempre nos lo ha indicado nuestro gobernador Alfonso Durazo. \u00c9l hace las cosas bien, y nosotros tambi\u00e9n hacemos las cosas bien. Mucha gente se involucr\u00f3 para que esto estuviera listo; tenemos mucho tiempo trabajando\u201d, se\u00f1al\u00f3 la presidenta de DIF Sonora.<\/p>\n<p align=\"left\">Por su parte, la directora general del Sistema DIF Sonora, Lizeth V\u00e1zquez Ochoa, explic\u00f3 que el Centro de Asistencia Social para Personas Mayores fue nombrado en honor a la trayectoria y legado de la activista social Ana Mar\u00eda L\u00f3pez Rodr\u00edguez.<\/p>\n<p align=\"left\">Detall\u00f3 que el centro ser\u00e1 atendido por personal m\u00e9dico, fisioterapeutas, psic\u00f3logos y personal de apoyo; contar\u00e1 con \u00e1reas de esparcimiento, salones, cocina, comedor, equipos de aire acondicionado, ba\u00f1os y consultorio m\u00e9dico.<\/p>\n","protected":false},"excerpt":{"rendered":"<p>Hermosillo, Sonora; 19 de junio de 2025.\u2013 Con el objetivo de promover el sano esparcimiento y proteger la salud de personas adultas mayores, la presidenta honoraria del Sistema para el Desarrollo Integral de la Familia (DIF) Sonora, Mar\u00eda del Roc\u00edo Ch\u00e1vez Murillo, inaugur\u00f3 la remodelaci\u00f3n del primer Centro P\u00fablico de Asistencia Social para Personas Mayores [&hellip;]<\/p>\n","protected":false},"author":2,"featured_media":221974,"comment_status":"closed","ping_status":"closed","sticky":false,"template":"","format":"standard","meta":{"footnotes":""},"categories":[12870,178],"tags":[12865,12869],"class_list":["post-221973","post","type-post","status-publish","format-standard","has-post-thumbnail","hentry","category-destacadas","category-local","tag-destacadas","tag-local"],"jetpack_featured_media_url":"https:\/\/rnoticias.com.mx\/Portal\/wp-content\/uploads\/2025\/06\/unnamed-1-45.jpg","amp_enabled":true,"_links":{"self":[{"href":"https:\/\/rnoticias.com.mx\/Portal\/wp-json\/wp\/v2\/posts\/221973","targetHints":{"allow":["GET"]}}],"collection":[{"href":"https:\/\/rnoticias.com.mx\/Portal\/wp-json\/wp\/v2\/posts"}],"about":[{"href":"https:\/\/rnoticias.com.mx\/Portal\/wp-json\/wp\/v2\/types\/post"}],"author":[{"embeddable":true,"href":"https:\/\/rnoticias.com.mx\/Portal\/wp-json\/wp\/v2\/users\/2"}],"replies":[{"embeddable":true,"href":"https:\/\/rnoticias.com.mx\/Portal\/wp-json\/wp\/v2\/comments?post=221973"}],"version-history":[{"count":1,"href":"https:\/\/rnoticias.com.mx\/Portal\/wp-json\/wp\/v2\/posts\/221973\/revisions"}],"predecessor-version":[{"id":221975,"href":"https:\/\/rnoticias.com.mx\/Portal\/wp-json\/wp\/v2\/posts\/221973\/revisions\/221975"}],"wp:featuredmedia":[{"embeddable":true,"href":"https:\/\/rnoticias.com.mx\/Portal\/wp-json\/wp\/v2\/media\/221974"}],"wp:attachment":[{"href":"https:\/\/rnoticias.com.mx\/Portal\/wp-json\/wp\/v2\/media?parent=221973"}],"wp:term":[{"taxonomy":"category","embeddable":true,"href":"https:\/\/rnoticias.com.mx\/Portal\/wp-json\/wp\/v2\/categories?post=221973"},{"taxonomy":"post_tag","embeddable":true,"href":"https:\/\/rnoticias.com.mx\/Portal\/wp-json\/wp\/v2\/tags?post=221973"}],"curies":[{"name":"wp","href":"https:\/\/api.w.org\/{rel}","templated":true}]}}