{"id":221970,"date":"2025-06-19T17:44:37","date_gmt":"2025-06-20T00:44:37","guid":{"rendered":"https:\/\/rnoticias.com.mx\/Portal\/?p=221970"},"modified":"2025-06-19T17:44:37","modified_gmt":"2025-06-20T00:44:37","slug":"asume-sergio-valdez-lopez-la-direccion-de-transito-en-hermosillo","status":"publish","type":"post","link":"https:\/\/rnoticias.com.mx\/Portal\/2025\/06\/19\/asume-sergio-valdez-lopez-la-direccion-de-transito-en-hermosillo\/","title":{"rendered":"Asume Sergio Valdez L\u00f3pez la Direcci\u00f3n de Tr\u00e1nsito en Hermosillo"},"content":{"rendered":"<div dir=\"auto\"><b>Asume Sergio Valdez L\u00f3pez la Direcci\u00f3n de Tr\u00e1nsito en Hermosillo<\/b><\/div>\n<div dir=\"auto\"><\/div>\n<div dir=\"auto\"><b>El comisario general Alonso Dur\u00f3n Monta\u00f1o conf\u00eda en que su trabajo contribuir\u00e1 a mejorar la movilidad y seguridad, fortaleciendo los programas de prevenci\u00f3n y educaci\u00f3n vial.<\/b><\/div>\n<div dir=\"auto\"><\/div>\n<div dir=\"auto\"><\/div>\n<div dir=\"auto\"><b>Hermosillo, Sonora a 19 de junio del 2025 &#8211;\u00a0\u00a0<\/b>Con la premisa de fortalecer los programas de prevenci\u00f3n y educaci\u00f3n vial, Sergio Valdez L\u00f3pez,\u00a0 quien tiene una una s\u00f3lida carrera de m\u00e1s de 30 a\u00f1os dentro de la Jefatura de la Policia Municipal, fue nombrado Director de Tr\u00e1nsito en Hermosillo.<\/div>\n<div dir=\"auto\"><\/div>\n<div dir=\"auto\">El comisario general Alonso Dur\u00f3n Monta\u00f1o conf\u00eda en que su experiencia contribuir\u00e1 a mejorar la movilidad y seguridad en Hermosillo, fortaleciendo los programas de prevenci\u00f3n y educaci\u00f3n vial.<\/div>\n<div dir=\"auto\"><\/div>\n<div dir=\"auto\">Destac\u00f3 que el Sub Oficial Valdez L\u00f3pez ha demostrado ser un polic\u00eda de trabajo, comprometido con la seguridad vial y el orden en el tr\u00e1nsito.<\/div>\n<div dir=\"auto\"><\/div>\n<div dir=\"auto\">Su trayectoria abarcan diferentes roles y responsabilidades, brindando un amplio conocimiento en la gesti\u00f3n vial y acciones relacionadas con la movilidad urbana.<\/div>\n<div dir=\"auto\"><\/div>\n<div dir=\"auto\">Valdez L\u00f3pez ha ocupado en tres ocasiones la titularidad del Departamento de Tr\u00e1nsito en diferentes admistracciones, Supervisor General, Responsable de Zona, entre otros.<\/div>\n<div dir=\"auto\"><\/div>\n","protected":false},"excerpt":{"rendered":"<p>Asume Sergio Valdez L\u00f3pez la Direcci\u00f3n de Tr\u00e1nsito en Hermosillo El comisario general Alonso Dur\u00f3n Monta\u00f1o conf\u00eda en que su trabajo contribuir\u00e1 a mejorar la movilidad y seguridad, fortaleciendo los programas de prevenci\u00f3n y educaci\u00f3n vial. Hermosillo, Sonora a 19 de junio del 2025 &#8211;\u00a0\u00a0Con la premisa de fortalecer los programas de prevenci\u00f3n y educaci\u00f3n [&hellip;]<\/p>\n","protected":false},"author":2,"featured_media":221971,"comment_status":"closed","ping_status":"closed","sticky":false,"template":"","format":"standard","meta":{"footnotes":""},"categories":[12870,178],"tags":[12865,12869],"class_list":["post-221970","post","type-post","status-publish","format-standard","has-post-thumbnail","hentry","category-destacadas","category-local","tag-destacadas","tag-local"],"jetpack_featured_media_url":"https:\/\/rnoticias.com.mx\/Portal\/wp-content\/uploads\/2025\/06\/unnamed-81.jpg","amp_enabled":true,"_links":{"self":[{"href":"https:\/\/rnoticias.com.mx\/Portal\/wp-json\/wp\/v2\/posts\/221970","targetHints":{"allow":["GET"]}}],"collection":[{"href":"https:\/\/rnoticias.com.mx\/Portal\/wp-json\/wp\/v2\/posts"}],"about":[{"href":"https:\/\/rnoticias.com.mx\/Portal\/wp-json\/wp\/v2\/types\/post"}],"author":[{"embeddable":true,"href":"https:\/\/rnoticias.com.mx\/Portal\/wp-json\/wp\/v2\/users\/2"}],"replies":[{"embeddable":true,"href":"https:\/\/rnoticias.com.mx\/Portal\/wp-json\/wp\/v2\/comments?post=221970"}],"version-history":[{"count":1,"href":"https:\/\/rnoticias.com.mx\/Portal\/wp-json\/wp\/v2\/posts\/221970\/revisions"}],"predecessor-version":[{"id":221972,"href":"https:\/\/rnoticias.com.mx\/Portal\/wp-json\/wp\/v2\/posts\/221970\/revisions\/221972"}],"wp:featuredmedia":[{"embeddable":true,"href":"https:\/\/rnoticias.com.mx\/Portal\/wp-json\/wp\/v2\/media\/221971"}],"wp:attachment":[{"href":"https:\/\/rnoticias.com.mx\/Portal\/wp-json\/wp\/v2\/media?parent=221970"}],"wp:term":[{"taxonomy":"category","embeddable":true,"href":"https:\/\/rnoticias.com.mx\/Portal\/wp-json\/wp\/v2\/categories?post=221970"},{"taxonomy":"post_tag","embeddable":true,"href":"https:\/\/rnoticias.com.mx\/Portal\/wp-json\/wp\/v2\/tags?post=221970"}],"curies":[{"name":"wp","href":"https:\/\/api.w.org\/{rel}","templated":true}]}}