{"id":221944,"date":"2025-06-19T09:24:21","date_gmt":"2025-06-19T16:24:21","guid":{"rendered":"https:\/\/rnoticias.com.mx\/Portal\/?p=221944"},"modified":"2025-06-19T09:24:21","modified_gmt":"2025-06-19T16:24:21","slug":"gobierno-de-sonora-informa-incremento-de-personal-para-el-combate-al-incendio-forestal-en-agua-prieta","status":"publish","type":"post","link":"https:\/\/rnoticias.com.mx\/Portal\/2025\/06\/19\/gobierno-de-sonora-informa-incremento-de-personal-para-el-combate-al-incendio-forestal-en-agua-prieta\/","title":{"rendered":"Gobierno de Sonora informa incremento de personal para el combate al incendio forestal en Agua Prieta"},"content":{"rendered":"<p>Hermosillo, Sonora; 19 de junio de 2025.- El Gobierno de Sonora, a trav\u00e9s de la Coordinaci\u00f3n Estatal de Protecci\u00f3n Civil (CEPC), en trabajo conjunto con autoridades de los tres niveles de gobierno, increment\u00f3 a 50 el n\u00famero de brigadistas que trabajan en el control y sofocaci\u00f3n del incendio forestal registrado en el predio La Virgen, en el municipio de Agua Prieta.<\/p>\n<p>En las labores participan elementos de la Brigada Estatal de Manejo de Fuego de la Secretar\u00eda de Agricultura, Ganader\u00eda, Recursos Hidr\u00e1ulicos, Pesca y Acuacultura (Sagarhpa) y Protecci\u00f3n Civil Sonora, la Comisi\u00f3n Nacional Forestal (Conafor), as\u00ed como voluntarios.<\/p>\n<p>La superficie afectada corresponde a matorral des\u00e9rtico. Tambi\u00e9n se cuenta con el apoyo del Gobierno Municipal y Protecci\u00f3n Civil Municipal de Agua Prieta.<\/p>\n<p>Actualmente, el incendio presenta un 20 por ciento de control y un 10 por ciento de liquidaci\u00f3n, con una afectaci\u00f3n superior a las 900 hect\u00e1reas.<\/p>\n<p>Se prev\u00e9 que en las pr\u00f3ximas horas se integren m\u00e1s brigadistas a los trabajos para fortalecer el combate a este incendio forestal.<\/p>\n<p>Las autoridades hacen un llamado a la poblaci\u00f3n a evitar arrojar colillas de cigarro en caminos y carreteras, no tirar basura en \u00e1reas naturales ni encender fogatas, ya que estas acciones representan las principales causas de incendios forestales.<\/p>\n","protected":false},"excerpt":{"rendered":"<p>Hermosillo, Sonora; 19 de junio de 2025.- El Gobierno de Sonora, a trav\u00e9s de la Coordinaci\u00f3n Estatal de Protecci\u00f3n Civil (CEPC), en trabajo conjunto con autoridades de los tres niveles de gobierno, increment\u00f3 a 50 el n\u00famero de brigadistas que trabajan en el control y sofocaci\u00f3n del incendio forestal registrado en el predio La Virgen, [&hellip;]<\/p>\n","protected":false},"author":2,"featured_media":221945,"comment_status":"closed","ping_status":"closed","sticky":false,"template":"","format":"standard","meta":{"footnotes":""},"categories":[12870,174],"tags":[12865,12873],"class_list":["post-221944","post","type-post","status-publish","format-standard","has-post-thumbnail","hentry","category-destacadas","category-estatal","tag-destacadas","tag-estatal"],"jetpack_featured_media_url":"https:\/\/rnoticias.com.mx\/Portal\/wp-content\/uploads\/2025\/06\/54.jpg","amp_enabled":true,"_links":{"self":[{"href":"https:\/\/rnoticias.com.mx\/Portal\/wp-json\/wp\/v2\/posts\/221944","targetHints":{"allow":["GET"]}}],"collection":[{"href":"https:\/\/rnoticias.com.mx\/Portal\/wp-json\/wp\/v2\/posts"}],"about":[{"href":"https:\/\/rnoticias.com.mx\/Portal\/wp-json\/wp\/v2\/types\/post"}],"author":[{"embeddable":true,"href":"https:\/\/rnoticias.com.mx\/Portal\/wp-json\/wp\/v2\/users\/2"}],"replies":[{"embeddable":true,"href":"https:\/\/rnoticias.com.mx\/Portal\/wp-json\/wp\/v2\/comments?post=221944"}],"version-history":[{"count":1,"href":"https:\/\/rnoticias.com.mx\/Portal\/wp-json\/wp\/v2\/posts\/221944\/revisions"}],"predecessor-version":[{"id":221946,"href":"https:\/\/rnoticias.com.mx\/Portal\/wp-json\/wp\/v2\/posts\/221944\/revisions\/221946"}],"wp:featuredmedia":[{"embeddable":true,"href":"https:\/\/rnoticias.com.mx\/Portal\/wp-json\/wp\/v2\/media\/221945"}],"wp:attachment":[{"href":"https:\/\/rnoticias.com.mx\/Portal\/wp-json\/wp\/v2\/media?parent=221944"}],"wp:term":[{"taxonomy":"category","embeddable":true,"href":"https:\/\/rnoticias.com.mx\/Portal\/wp-json\/wp\/v2\/categories?post=221944"},{"taxonomy":"post_tag","embeddable":true,"href":"https:\/\/rnoticias.com.mx\/Portal\/wp-json\/wp\/v2\/tags?post=221944"}],"curies":[{"name":"wp","href":"https:\/\/api.w.org\/{rel}","templated":true}]}}