{"id":221941,"date":"2025-06-19T09:19:09","date_gmt":"2025-06-19T16:19:09","guid":{"rendered":"https:\/\/rnoticias.com.mx\/Portal\/?p=221941"},"modified":"2025-06-19T09:19:09","modified_gmt":"2025-06-19T16:19:09","slug":"con-plan-sonora-gobernador-durazo-consolida-al-estado-como-modelo-de-mineria-sustentable","status":"publish","type":"post","link":"https:\/\/rnoticias.com.mx\/Portal\/2025\/06\/19\/con-plan-sonora-gobernador-durazo-consolida-al-estado-como-modelo-de-mineria-sustentable\/","title":{"rendered":"Con Plan Sonora, Gobernador Durazo consolida al estado como modelo de miner\u00eda sustentable"},"content":{"rendered":"<p align=\"left\">Ciudad de M\u00e9xico, 18 de junio de 2025.- Con el potencial minero que caracteriza a la entidad sonorense y el impulso del Plan Sonora de Energ\u00edas Sostenibles, se contribuir\u00e1 a la descarbonizaci\u00f3n de la econom\u00eda y se formar\u00e1n nuevos perfiles acad\u00e9micos para la preparaci\u00f3n de profesionales en la industria de la electromovilidad, asever\u00f3 el gobernador Alfonso Durazo Monta\u00f1o, al participar en la firma de convenio para la conformaci\u00f3n del Comit\u00e9 Educativo de Miner\u00eda M\u00e9xico 2025.<\/p>\n<p align=\"left\">\n<p align=\"left\">El mandatario estatal, junto a Marcelo Ebrard Casaubon, secretario de Econom\u00eda de M\u00e9xico, encabez\u00f3 el acuerdo para la creaci\u00f3n del Comit\u00e9 Educativo con el objetivo de reforzar las acciones conjuntas con el sector minero a nivel nacional, para fortalecer la capacitaci\u00f3n y el crecimiento de la industria minera, y mantener el estatus de la entidad como l\u00edder de la producci\u00f3n de metales pesados en el pa\u00eds.<\/p>\n<p align=\"left\">\n<p align=\"left\">\u201cEl objetivo del Plan Sonora es impulsar la transici\u00f3n energ\u00e9tica en nuestro pa\u00eds y contribuir a la descarbonizaci\u00f3n de la econom\u00eda, y con ese objetivo tiene una serie de vertientes: primero es el aprovechamiento de minerales cr\u00edticos, de los cuales nuestro estado es depositario, particularmente de litio, grafito y cobre. La otra vertiente es la formaci\u00f3n de un recurso humano que responda a las necesidades de la transici\u00f3n energ\u00e9tica, asociadas a la industria de la electromovilidad y semiconductores, que requiere un nuevo perfil acad\u00e9mico para profesionales responsables de esta transici\u00f3n\u201d, indic\u00f3 el gobernador Durazo.<\/p>\n<p align=\"left\">\n<p align=\"left\">Este comit\u00e9 brindar\u00e1 apoyo directo a universidades en el estado e institutos integrantes que imparten las carreras en Ciencias de la Tierra en M\u00e9xico, para fortalecer, promover, y desarrollar programas y acciones que beneficien a la comunidad estudiantil, egresadas y egresados, y personal docente.<\/p>\n<p align=\"left\">\n<p align=\"left\">El convenio en el que participan la industria minera, el sector gubernamental, e instituciones acad\u00e9micas, tendr\u00e1 una vigencia de dos a\u00f1os, con la posibilidad de renovaci\u00f3n previa a evaluaci\u00f3n de resultados y acuerdos entre las partes, con el prop\u00f3sito de revisar avances e impacto de las actividades desarrolladas, elaboraci\u00f3n de reporte trimestral y anual, as\u00ed como realizar ajustes y acciones que se requieran para el funcionamiento \u00f3ptimo del comit\u00e9.<\/p>\n","protected":false},"excerpt":{"rendered":"<p>Ciudad de M\u00e9xico, 18 de junio de 2025.- Con el potencial minero que caracteriza a la entidad sonorense y el impulso del Plan Sonora de Energ\u00edas Sostenibles, se contribuir\u00e1 a la descarbonizaci\u00f3n de la econom\u00eda y se formar\u00e1n nuevos perfiles acad\u00e9micos para la preparaci\u00f3n de profesionales en la industria de la electromovilidad, asever\u00f3 el gobernador [&hellip;]<\/p>\n","protected":false},"author":2,"featured_media":221942,"comment_status":"closed","ping_status":"closed","sticky":false,"template":"","format":"standard","meta":{"footnotes":""},"categories":[12870,178],"tags":[12865,12869],"class_list":["post-221941","post","type-post","status-publish","format-standard","has-post-thumbnail","hentry","category-destacadas","category-local","tag-destacadas","tag-local"],"jetpack_featured_media_url":"https:\/\/rnoticias.com.mx\/Portal\/wp-content\/uploads\/2025\/06\/unnamed-80.jpg","amp_enabled":true,"_links":{"self":[{"href":"https:\/\/rnoticias.com.mx\/Portal\/wp-json\/wp\/v2\/posts\/221941","targetHints":{"allow":["GET"]}}],"collection":[{"href":"https:\/\/rnoticias.com.mx\/Portal\/wp-json\/wp\/v2\/posts"}],"about":[{"href":"https:\/\/rnoticias.com.mx\/Portal\/wp-json\/wp\/v2\/types\/post"}],"author":[{"embeddable":true,"href":"https:\/\/rnoticias.com.mx\/Portal\/wp-json\/wp\/v2\/users\/2"}],"replies":[{"embeddable":true,"href":"https:\/\/rnoticias.com.mx\/Portal\/wp-json\/wp\/v2\/comments?post=221941"}],"version-history":[{"count":1,"href":"https:\/\/rnoticias.com.mx\/Portal\/wp-json\/wp\/v2\/posts\/221941\/revisions"}],"predecessor-version":[{"id":221943,"href":"https:\/\/rnoticias.com.mx\/Portal\/wp-json\/wp\/v2\/posts\/221941\/revisions\/221943"}],"wp:featuredmedia":[{"embeddable":true,"href":"https:\/\/rnoticias.com.mx\/Portal\/wp-json\/wp\/v2\/media\/221942"}],"wp:attachment":[{"href":"https:\/\/rnoticias.com.mx\/Portal\/wp-json\/wp\/v2\/media?parent=221941"}],"wp:term":[{"taxonomy":"category","embeddable":true,"href":"https:\/\/rnoticias.com.mx\/Portal\/wp-json\/wp\/v2\/categories?post=221941"},{"taxonomy":"post_tag","embeddable":true,"href":"https:\/\/rnoticias.com.mx\/Portal\/wp-json\/wp\/v2\/tags?post=221941"}],"curies":[{"name":"wp","href":"https:\/\/api.w.org\/{rel}","templated":true}]}}