{"id":221938,"date":"2025-06-19T08:56:05","date_gmt":"2025-06-19T15:56:05","guid":{"rendered":"https:\/\/rnoticias.com.mx\/Portal\/?p=221938"},"modified":"2025-06-19T08:56:05","modified_gmt":"2025-06-19T15:56:05","slug":"deja-huracan-erick-danos-en-16-municipios-de-oaxaca-y-guerrero","status":"publish","type":"post","link":"https:\/\/rnoticias.com.mx\/Portal\/2025\/06\/19\/deja-huracan-erick-danos-en-16-municipios-de-oaxaca-y-guerrero\/","title":{"rendered":"Deja hurac\u00e1n Erick da\u00f1os en 16 municipios de Oaxaca y Guerrero"},"content":{"rendered":"<p>La titular de Protecci\u00f3n Civil federal,<strong>\u00a0Laura Vel\u00e1zquez Alz\u00fa<\/strong>a, report\u00f3 14 municipios con afectaciones por el Hurac\u00e1n Erick en Oaxaca.<\/p>\n<p>En estos municipios se reportaron da\u00f1os como el ingreso de\u00a0<strong>agua en el hospital IMSS de Huatulco y la crecida del r\u00edo en Ciudad Ixtepec.<\/strong><\/p>\n<p>Adem\u00e1s las autoridades reportan derrumbes, veh\u00edculos varados, ca\u00edda de \u00e1rboles y postes, encharcamientos y corte el\u00e9ctrico.<\/p>\n<blockquote><p>Hasta el momento no hay reporte de p\u00e9rdida de vidas humanas.<\/p><\/blockquote>\n<p>El gobernador Salom\u00f3n Jara indic\u00f3 que las principales afectaciones fueron alrededor de la 1 de la ma\u00f1ana, como el cierre de las carreteras de Oaxaca al Istmo y a Puerto Escondido.<\/p>\n<p>En Guerrero, la goberndora Evelyn Salgado, inform\u00f3 los primeros caos, principalmente en la zona de la costa chica.<\/p>\n<p>Llamaron a los pobladores a evacuar sus viviendas y a referirse a los diversos albergues instalados.<\/p>\n","protected":false},"excerpt":{"rendered":"<p>La titular de Protecci\u00f3n Civil federal,\u00a0Laura Vel\u00e1zquez Alz\u00faa, report\u00f3 14 municipios con afectaciones por el Hurac\u00e1n Erick en Oaxaca. En estos municipios se reportaron da\u00f1os como el ingreso de\u00a0agua en el hospital IMSS de Huatulco y la crecida del r\u00edo en Ciudad Ixtepec. Adem\u00e1s las autoridades reportan derrumbes, veh\u00edculos varados, ca\u00edda de \u00e1rboles y postes, [&hellip;]<\/p>\n","protected":false},"author":2,"featured_media":221939,"comment_status":"closed","ping_status":"closed","sticky":false,"template":"","format":"standard","meta":{"footnotes":""},"categories":[12870,172],"tags":[12865,12874],"class_list":["post-221938","post","type-post","status-publish","format-standard","has-post-thumbnail","hentry","category-destacadas","category-nacional","tag-destacadas","tag-nacional"],"jetpack_featured_media_url":"https:\/\/rnoticias.com.mx\/Portal\/wp-content\/uploads\/2025\/06\/entrada-huracan-erick-2025-lista-municipios-oaxaca-guerrero-afectara-ciclon.webp","amp_enabled":true,"_links":{"self":[{"href":"https:\/\/rnoticias.com.mx\/Portal\/wp-json\/wp\/v2\/posts\/221938","targetHints":{"allow":["GET"]}}],"collection":[{"href":"https:\/\/rnoticias.com.mx\/Portal\/wp-json\/wp\/v2\/posts"}],"about":[{"href":"https:\/\/rnoticias.com.mx\/Portal\/wp-json\/wp\/v2\/types\/post"}],"author":[{"embeddable":true,"href":"https:\/\/rnoticias.com.mx\/Portal\/wp-json\/wp\/v2\/users\/2"}],"replies":[{"embeddable":true,"href":"https:\/\/rnoticias.com.mx\/Portal\/wp-json\/wp\/v2\/comments?post=221938"}],"version-history":[{"count":1,"href":"https:\/\/rnoticias.com.mx\/Portal\/wp-json\/wp\/v2\/posts\/221938\/revisions"}],"predecessor-version":[{"id":221940,"href":"https:\/\/rnoticias.com.mx\/Portal\/wp-json\/wp\/v2\/posts\/221938\/revisions\/221940"}],"wp:featuredmedia":[{"embeddable":true,"href":"https:\/\/rnoticias.com.mx\/Portal\/wp-json\/wp\/v2\/media\/221939"}],"wp:attachment":[{"href":"https:\/\/rnoticias.com.mx\/Portal\/wp-json\/wp\/v2\/media?parent=221938"}],"wp:term":[{"taxonomy":"category","embeddable":true,"href":"https:\/\/rnoticias.com.mx\/Portal\/wp-json\/wp\/v2\/categories?post=221938"},{"taxonomy":"post_tag","embeddable":true,"href":"https:\/\/rnoticias.com.mx\/Portal\/wp-json\/wp\/v2\/tags?post=221938"}],"curies":[{"name":"wp","href":"https:\/\/api.w.org\/{rel}","templated":true}]}}