{"id":221923,"date":"2025-06-19T08:27:38","date_gmt":"2025-06-19T15:27:38","guid":{"rendered":"https:\/\/rnoticias.com.mx\/Portal\/?p=221923"},"modified":"2025-06-19T08:27:38","modified_gmt":"2025-06-19T15:27:38","slug":"carlos-slim-domit-revela-que-el-regreso-de-checo-perez-a-la-formula-1-es-inminente","status":"publish","type":"post","link":"https:\/\/rnoticias.com.mx\/Portal\/2025\/06\/19\/carlos-slim-domit-revela-que-el-regreso-de-checo-perez-a-la-formula-1-es-inminente\/","title":{"rendered":"Carlos Slim Domit revela que el regreso de Checo P\u00e9rez a la F\u00f3rmula 1 es inminente"},"content":{"rendered":"<p>Carlos Slim Domit, destacado empresario mexicano y uno de los principales impulsores de la carrera de\u00a0<strong>Sergio \u201cCheco\u201d P\u00e9rez,<\/strong>\u00a0confirm\u00f3 que el piloto tapat\u00edo analiza activamente distintas alternativas para volver al m\u00e1ximo circuito del automovilismo. Aunque no detall\u00f3 con qu\u00e9 escuder\u00eda podr\u00eda firmar, el empresario dej\u00f3 claro que su retorno est\u00e1 muy cerca y que cuenta con el respaldo incondicional tanto de sus patrocinadores como del p\u00fablico.<\/p>\n<p><em><strong>\u201cS\u00e9 que est\u00e1 considerando varias opciones\u201d<\/strong><\/em>, coment\u00f3 Slim Domit.<strong><em>\u00a0\u201cCuenta con el apoyo de todos nosotros, de toda la afici\u00f3n. \u00c9l ha estado trabajando en su preparaci\u00f3n y ojal\u00e1 se concrete su regreso. A todos nos dar\u00eda much\u00edsimo gusto verlo de nuevo en la pista, pero es algo que \u00e9l est\u00e1 analizando\u201d.<\/em><\/strong><\/p>\n<p>En este momento, dos equipos destacan como los principales interesados en integrar a Checo en sus filas para la temporada 2026:\u00a0<strong>Cadillac F1 Team y Alpine. Cadillac, que har\u00e1 su debut en la F1 ese mismo a\u00f1o<\/strong>, busca a un piloto con trayectoria s\u00f3lida. Por su parte, Alpine ha posicionado a P\u00e9rez como una opci\u00f3n estrat\u00e9gica para reforzar su alineaci\u00f3n.<\/p>\n<div id=\"eldia-2289989349\" class=\"eldia-contenido eldia-target\" data-eldia-trackid=\"1573641\" data-eldia-trackbid=\"1\"><\/div>\n<div id=\"eldia-1337209365\" class=\"eldia-contenido-2 eldia-target\" data-eldia-trackid=\"1765657\" data-eldia-trackbid=\"1\"><\/div>\n<p>Desde sus inicios, Carlos Slim ha sido una figura determinante en el ascenso de Checo P\u00e9rez en la F\u00f3rmula 1, apoy\u00e1ndolo a trav\u00e9s del programa E<strong>scuder\u00eda Telmex y las firmas Am\u00e9rica M\u00f3vil,\u00a0<\/strong>Telcel y Claro. Gracias a este respaldo constante, P\u00e9rez ha podido mantenerse como referente en la categor\u00eda reina del automovilismo desde su debut en 2011.<\/p>\n<p>Checo debut\u00f3 en 2011 con Sauber y luego pas\u00f3 por McLaren en 2013. De 2014 a 2018 defendi\u00f3 los colores de Force India, seguido de dos temporadas con Racing Point (2019-2020), antes de unirse al poderoso equipo Red Bull Racing en 2021. En 2024, tras una campa\u00f1a complicada y una tensa convivencia con Max Verstappen, el mexicano decidi\u00f3 dejar Red Bull y tomarse un a\u00f1o sab\u00e1tico durante 2025.<\/p>\n<p>A lo largo de su carrera, Checo ha sumado seis victorias en Grandes Premios, incluyendo las memorables conquistas en M\u00f3naco y Singapur en 2022.<strong>\u00a0Su mejor temporada hasta la fecha fue en 2023, cuando logr\u00f3 coronarse como subcampe\u00f3n mundial, consolid\u00e1ndose como uno de los m\u00e1s consistentes y competitivos del campeonato.<\/strong><\/p>\n<div class=\"stream-item stream-item-in-post stream-item-inline-post aligncenter\">\n<div class=\"stream-item-size\"><\/div>\n<\/div>\n<p><strong>La temporada 2026 se perfila como un a\u00f1o clave, con la llegada de nuevas escuder\u00edas y ajustes en las plantillas de pilotos.\u00a0<\/strong>Se espera que Checo defina su futuro durante la pausa veraniega de la campa\u00f1a 2025. Su retorno depender\u00e1 de las negociaciones con los equipos interesados y de su propio an\u00e1lisis sobre cu\u00e1l proyecto representa el camino m\u00e1s s\u00f3lido para prolongar su trayectoria.<\/p>\n<p>&nbsp;<\/p>\n<p>Agencia M\u00e9xico<\/p>\n","protected":false},"excerpt":{"rendered":"<p>Carlos Slim Domit, destacado empresario mexicano y uno de los principales impulsores de la carrera de\u00a0Sergio \u201cCheco\u201d P\u00e9rez,\u00a0confirm\u00f3 que el piloto tapat\u00edo analiza activamente distintas alternativas para volver al m\u00e1ximo circuito del automovilismo. Aunque no detall\u00f3 con qu\u00e9 escuder\u00eda podr\u00eda firmar, el empresario dej\u00f3 claro que su retorno est\u00e1 muy cerca y que cuenta con [&hellip;]<\/p>\n","protected":false},"author":2,"featured_media":221924,"comment_status":"closed","ping_status":"closed","sticky":false,"template":"","format":"standard","meta":{"footnotes":""},"categories":[188,12870],"tags":[5231,12865],"class_list":["post-221923","post","type-post","status-publish","format-standard","has-post-thumbnail","hentry","category-deportes","category-destacadas","tag-deportes","tag-destacadas"],"jetpack_featured_media_url":"https:\/\/rnoticias.com.mx\/Portal\/wp-content\/uploads\/2025\/06\/checo-perez-carlos-slim-domitjpg.webp","amp_enabled":true,"_links":{"self":[{"href":"https:\/\/rnoticias.com.mx\/Portal\/wp-json\/wp\/v2\/posts\/221923","targetHints":{"allow":["GET"]}}],"collection":[{"href":"https:\/\/rnoticias.com.mx\/Portal\/wp-json\/wp\/v2\/posts"}],"about":[{"href":"https:\/\/rnoticias.com.mx\/Portal\/wp-json\/wp\/v2\/types\/post"}],"author":[{"embeddable":true,"href":"https:\/\/rnoticias.com.mx\/Portal\/wp-json\/wp\/v2\/users\/2"}],"replies":[{"embeddable":true,"href":"https:\/\/rnoticias.com.mx\/Portal\/wp-json\/wp\/v2\/comments?post=221923"}],"version-history":[{"count":1,"href":"https:\/\/rnoticias.com.mx\/Portal\/wp-json\/wp\/v2\/posts\/221923\/revisions"}],"predecessor-version":[{"id":221925,"href":"https:\/\/rnoticias.com.mx\/Portal\/wp-json\/wp\/v2\/posts\/221923\/revisions\/221925"}],"wp:featuredmedia":[{"embeddable":true,"href":"https:\/\/rnoticias.com.mx\/Portal\/wp-json\/wp\/v2\/media\/221924"}],"wp:attachment":[{"href":"https:\/\/rnoticias.com.mx\/Portal\/wp-json\/wp\/v2\/media?parent=221923"}],"wp:term":[{"taxonomy":"category","embeddable":true,"href":"https:\/\/rnoticias.com.mx\/Portal\/wp-json\/wp\/v2\/categories?post=221923"},{"taxonomy":"post_tag","embeddable":true,"href":"https:\/\/rnoticias.com.mx\/Portal\/wp-json\/wp\/v2\/tags?post=221923"}],"curies":[{"name":"wp","href":"https:\/\/api.w.org\/{rel}","templated":true}]}}