{"id":221917,"date":"2025-06-19T08:22:54","date_gmt":"2025-06-19T15:22:54","guid":{"rendered":"https:\/\/rnoticias.com.mx\/Portal\/?p=221917"},"modified":"2025-06-19T08:22:54","modified_gmt":"2025-06-19T15:22:54","slug":"participa-ine-sonora-en-el-seminario-de-formacion-con-perspectiva-de-genero-para-presidentas-y-sindicas-municipales","status":"publish","type":"post","link":"https:\/\/rnoticias.com.mx\/Portal\/2025\/06\/19\/participa-ine-sonora-en-el-seminario-de-formacion-con-perspectiva-de-genero-para-presidentas-y-sindicas-municipales\/","title":{"rendered":"Participa INE Sonora en el Seminario de Formaci\u00f3n con Perspectiva de G\u00e9nero para Presidentas y S\u00edndicas Municipales"},"content":{"rendered":"<p class=\"x_Default\" data-olk-copy-source=\"MessageBody\">La Junta Local Ejecutiva del Instituto Nacional Electoral (INE) en Sonora en coordinaci\u00f3n con la\u00a0Secretar\u00eda de Mujeres del Gobierno del Estado, el Observatorio de Participaci\u00f3n Pol\u00edtica de las Mujeres en Sonora y la Red de Mujeres en Plural de Sonora, llevaron a cabo un semanario dirigido a presidentas municipales y s\u00edndicas del periodo 2024-2027 en el estado de Sonora.<\/p>\n<p class=\"x_Default\" aria-hidden=\"true\">\n<p class=\"x_Default\">El objetivo principal fue fortalecer las capacidades de gesti\u00f3n y alianzas de mujeres presidentas y s\u00edndicas municipales en Sonora, para impulsar una agenda p\u00fablica sensible al g\u00e9nero y a la igualdad sustantiva en la administraci\u00f3n p\u00fablica municipal proporcionando, a trav\u00e9s de experiencias de ense\u00f1anza-aprendizaje, las herramientas y conocimientos b\u00e1sicos con perspectiva de g\u00e9nero, para que las participantes identifiquen \u00e1reas de oportunidad que fortalezcan a su comunidad y ejecuten un buen gobierno municipal con base en resultados.<\/p>\n<p class=\"x_Default\" aria-hidden=\"true\">\n<p class=\"x_Default\">El Seminario fue impartido por la Vocal Ejecutiva de la Junta Local, Ver\u00f3nica Sandoval Casta\u00f1eda y profesionistas especializadas de la Red de Mujeres en Plural de Sonora, quienes dieron a conocer c\u00f3mo el Congreso de la Uni\u00f3n puede fortalecer a la Administraci\u00f3n p\u00fablica municipal; Facilitar a las presidentas municipales electas, la identificaci\u00f3n de las competencias municipales en materia de igualdad y de una vida libre de violencia para las mujeres; de conformidad a lo dispuesto en el marco jur\u00eddico federal y local; Capacitar a las autoridades de la administraci\u00f3n p\u00fablica municipal en la importancia del dise\u00f1o y operaci\u00f3n de programas sociales con perspectiva de g\u00e9nero para garantizar la igualdad sustantiva; Brindar informaci\u00f3n a las autoridades de la administraci\u00f3n p\u00fablica municipal sobre las acciones y los servicios que ofrece o promueve el INE en los municipios.<\/p>\n<p class=\"x_Default\" aria-hidden=\"true\">\n<p class=\"x_Default\">As\u00ed como tambi\u00e9n, Presentar y describir en que consiste la alerta por violencia de g\u00e9nero, compromisos y responsabilidades de los tres niveles de gobierno; Conocer la importancia de la comunicaci\u00f3n en la administraci\u00f3n p\u00fablica para generar confianza en la ciudadan\u00eda y fortalecer la gobernabilidad; Identificar las claves para lograr alianzas pol\u00edticas entre mujeres y Promover el intercambio de experiencias y buenas pr\u00e1cticas a nivel municipal, local y nacional.<\/p>\n<p class=\"x_Default\" aria-hidden=\"true\">\n<p class=\"x_Default\">Durante la exposici\u00f3n de la Vocal Ejecutiva de la Junta Local, las asistentes conocieron las acciones prioritarias para prevenir la VPMRG y promover los derechos pol\u00edtico-electorales de las mujeres y realiz\u00f3 la entrega del Dec\u00e1logo para promover la participaci\u00f3n pol\u00edtica de las mujeres de la regi\u00f3n. As\u00ed como tambi\u00e9n habl\u00f3 de los programas que el Instituto realiza para llevar a cabo la credencializaci\u00f3n y la difusi\u00f3n de la participaci\u00f3n ciudadana en la entidad.<\/p>\n<p class=\"x_Default\" aria-hidden=\"true\">\n<p class=\"x_MsoNormal\">El evento se llev\u00f3 a cabo en las instalaciones del INE en Sonora y fue moderado por la Mtra. Olga Hayde\u00e9 Flores Vel\u00e1squez, y las exposiciones estuvieron a cargo de Ver\u00f3nica Sandoval Casta\u00f1eda, Vocal Ejecutiva de la Junta Loca; Mtra. Lorenia Iveth Valles Sampedro, Senadora de la Rep\u00fablica e integrante de la Red de Mujeres en Plural de Sonora; Mtra. Jeanette Arriz\u00f3n Marina, Red de Mujeres en Plural de Sonora; Dra. Yanira Francisca Mej\u00eda Mart\u00ednez; Mtra. Rosa Elena Trujillo Llanes;\u00a0\u00a0Mtra. Olga Hayde\u00e9 Flores Vel\u00e1squez, Red de Mujeres en Plural de Sonora y las Presidentas Municipales de: Villa Pesqueira, Mtra. Francias Icela C\u00f3rdova G\u00e1lvez; Bacerac, Mtra. Virgen Ignacia L\u00f3pez Valenzuela; y de \u00d3navas, Ver\u00f3nica Valenzuela Avil\u00e9s.<\/p>\n","protected":false},"excerpt":{"rendered":"<p>La Junta Local Ejecutiva del Instituto Nacional Electoral (INE) en Sonora en coordinaci\u00f3n con la\u00a0Secretar\u00eda de Mujeres del Gobierno del Estado, el Observatorio de Participaci\u00f3n Pol\u00edtica de las Mujeres en Sonora y la Red de Mujeres en Plural de Sonora, llevaron a cabo un semanario dirigido a presidentas municipales y s\u00edndicas del periodo 2024-2027 en [&hellip;]<\/p>\n","protected":false},"author":2,"featured_media":221918,"comment_status":"closed","ping_status":"closed","sticky":false,"template":"","format":"standard","meta":{"footnotes":""},"categories":[12870,178],"tags":[12865,12869],"class_list":["post-221917","post","type-post","status-publish","format-standard","has-post-thumbnail","hentry","category-destacadas","category-local","tag-destacadas","tag-local"],"jetpack_featured_media_url":"https:\/\/rnoticias.com.mx\/Portal\/wp-content\/uploads\/2025\/06\/semi-1.jpg","amp_enabled":true,"_links":{"self":[{"href":"https:\/\/rnoticias.com.mx\/Portal\/wp-json\/wp\/v2\/posts\/221917","targetHints":{"allow":["GET"]}}],"collection":[{"href":"https:\/\/rnoticias.com.mx\/Portal\/wp-json\/wp\/v2\/posts"}],"about":[{"href":"https:\/\/rnoticias.com.mx\/Portal\/wp-json\/wp\/v2\/types\/post"}],"author":[{"embeddable":true,"href":"https:\/\/rnoticias.com.mx\/Portal\/wp-json\/wp\/v2\/users\/2"}],"replies":[{"embeddable":true,"href":"https:\/\/rnoticias.com.mx\/Portal\/wp-json\/wp\/v2\/comments?post=221917"}],"version-history":[{"count":1,"href":"https:\/\/rnoticias.com.mx\/Portal\/wp-json\/wp\/v2\/posts\/221917\/revisions"}],"predecessor-version":[{"id":221919,"href":"https:\/\/rnoticias.com.mx\/Portal\/wp-json\/wp\/v2\/posts\/221917\/revisions\/221919"}],"wp:featuredmedia":[{"embeddable":true,"href":"https:\/\/rnoticias.com.mx\/Portal\/wp-json\/wp\/v2\/media\/221918"}],"wp:attachment":[{"href":"https:\/\/rnoticias.com.mx\/Portal\/wp-json\/wp\/v2\/media?parent=221917"}],"wp:term":[{"taxonomy":"category","embeddable":true,"href":"https:\/\/rnoticias.com.mx\/Portal\/wp-json\/wp\/v2\/categories?post=221917"},{"taxonomy":"post_tag","embeddable":true,"href":"https:\/\/rnoticias.com.mx\/Portal\/wp-json\/wp\/v2\/tags?post=221917"}],"curies":[{"name":"wp","href":"https:\/\/api.w.org\/{rel}","templated":true}]}}