{"id":221914,"date":"2025-06-19T08:21:44","date_gmt":"2025-06-19T15:21:44","guid":{"rendered":"https:\/\/rnoticias.com.mx\/Portal\/?p=221914"},"modified":"2025-06-19T08:21:44","modified_gmt":"2025-06-19T15:21:44","slug":"se-busca-al-creativo-del-mes-a-quien-hace-cosas-extraordinarias-para-ahorrar-el-agua","status":"publish","type":"post","link":"https:\/\/rnoticias.com.mx\/Portal\/2025\/06\/19\/se-busca-al-creativo-del-mes-a-quien-hace-cosas-extraordinarias-para-ahorrar-el-agua\/","title":{"rendered":"Se Busca al creativo del Mes, a quien hace cosas extraordinarias para ahorrar el Agua"},"content":{"rendered":"<p><b data-olk-copy-source=\"MessageBody\">Hermosillo, Sonora, 19 de junio, 2025. &#8211;<\/b>\u00a0Este viernes 20 de junio concluye la primera etapa de la convocatoria \u201cSe Busca\u201d, una iniciativa que tiene como objetivo encontrar a la persona m\u00e1s creativa y comprometida con el cuidado y ahorro del agua en el hogar. Esta acci\u00f3n forma parte del programa CUIDA, impulsado por el Gobierno Municipal a trav\u00e9s de Agua de Hermosillo.<\/p>\n<p aria-hidden=\"true\">\n<p>La convocatoria invita a la ciudadan\u00eda a compartir historias, contadas mediante un video, de personas ejemplares que promueven el uso responsable del agua. Estas pr\u00e1cticas pueden servir de inspiraci\u00f3n y gu\u00eda para toda la comunidad.<\/p>\n<p aria-hidden=\"true\">\n<p>Rebeca Villanueva, Gerente de Cultura del Agua del organismo operador, coment\u00f3 que desde el lanzamiento de la convocatoria hace quince d\u00edas, ya se han recibido varias propuestas ciudadanas. En ellas se destacan acciones extraordinarias enfocadas, principalmente, en el reciclaje y ahorro del recurso.<\/p>\n<p aria-hidden=\"true\">\n<p>Subray\u00f3 que seguramente hay m\u00e1s casos en Hermosillo por descubrir: \u201cSolo necesitamos conocerlos\u201d, enfatiz\u00f3.<\/p>\n<p><b>\u00a0<\/b><\/p>\n<p><b>\u00bfEn qu\u00e9 consiste la convocatoria?<\/b><\/p>\n<p>&#8220;Se Busca&#8221; es un llamado a la sociedad hermosillense a identificar y postular, mediante un video casero a personas que desde su hogar llevan a cabo pr\u00e1cticas ingeniosas para ahorrar agua. La idea es mostrar testimonios y evidencias de estos mecanismos que puedan ser replicables por otros.<\/p>\n<p><b><\/b><\/p>\n<p><b>\u00a0\u00bfC\u00f3mo participar?<\/b><\/p>\n<p>Cada mes, durante nueve meses, cualquier persona podr\u00e1 postular a alguien que conozca y cuyas pr\u00e1cticas de ahorro de agua sean ejemplares. Para ello, deber\u00e1n enviar:<\/p>\n<p aria-hidden=\"true\">\n<p>\u2022\u00a0\u00a0\u00a0\u00a0\u00a0\u00a0\u00a0\u00a0\u00a0\u00a0\u00a0\u00a0 Video o fotograf\u00edas que muestren las acciones realizadas<\/p>\n<p>\u2022\u00a0\u00a0\u00a0\u00a0\u00a0\u00a0\u00a0\u00a0\u00a0\u00a0\u00a0\u00a0 Nombre del o la participante<\/p>\n<p>\u2022\u00a0\u00a0\u00a0\u00a0\u00a0\u00a0\u00a0\u00a0\u00a0\u00a0\u00a0\u00a0 Direcci\u00f3n<\/p>\n<p>\u2022\u00a0\u00a0\u00a0\u00a0\u00a0\u00a0\u00a0\u00a0\u00a0\u00a0\u00a0\u00a0 Tel\u00e9fono de contacto<\/p>\n<p>\u2022\u00a0\u00a0\u00a0\u00a0\u00a0\u00a0\u00a0\u00a0\u00a0\u00a0\u00a0\u00a0 Breve explicaci\u00f3n de las pr\u00e1cticas que realiza<\/p>\n<p aria-hidden=\"true\">\n<p><b>Din\u00e1mica de participaci\u00f3n mensual<\/b><\/p>\n<p aria-hidden=\"true\">\n<p><b>1.\u00a0\u00a0\u00a0\u00a0\u00a0\u00a0\u00a0\u00a0\u00a0\u00a0 Recepci\u00f3n de materiales:<\/b><\/p>\n<p>Del 1 al 20 de cada mes.<\/p>\n<p aria-hidden=\"true\">\n<p><b>2.\u00a0\u00a0\u00a0\u00a0\u00a0\u00a0\u00a0\u00a0\u00a0\u00a0 Publicaci\u00f3n de evidencias:<\/b><\/p>\n<p>Del 21 al 30 de cada mes, el material se compartir\u00e1 en el sitio web oficial www.aguadehermosillo.gob.mx y en las redes sociales oficiales de Agua de Hermosillo.<\/p>\n<p aria-hidden=\"true\">\n<p><b>3.\u00a0\u00a0\u00a0\u00a0\u00a0\u00a0\u00a0\u00a0\u00a0\u00a0 Votaci\u00f3n ciudadana<\/b><\/p>\n<p>Las personas podr\u00e1n votar por su propuesta favorita dando \u201cMe gusta\u201d al contenido.<\/p>\n<p><b>\u00a0<\/b><\/p>\n<p><b>4.\u00a0\u00a0\u00a0\u00a0\u00a0\u00a0\u00a0\u00a0\u00a0\u00a0 Selecci\u00f3n del ganador mensual:<\/b><\/p>\n<p>Al finalizar el mes se contabilizar\u00e1n los votos para determinar al ganador.<\/p>\n<p aria-hidden=\"true\">\n<p>Esta din\u00e1mica se repetir\u00e1 hasta marzo de 2026, mes en el que, durante el _D\u00eda Mundial del Agua, se anunciar\u00e1 al ganador absoluto.<\/p>\n<p aria-hidden=\"true\">\n<p>Para consultar la convocatoria completa o enviar materiales, puedes comunicarte al tel\u00e9fono (662) 289 6000 ext. 6050, v\u00eda WhatsApp al 6624 754199, o visitar www.aguadehermosillo.gob.mx y las redes sociales oficiales de Agua de Hermosillo.<\/p>\n","protected":false},"excerpt":{"rendered":"<p>Hermosillo, Sonora, 19 de junio, 2025. &#8211;\u00a0Este viernes 20 de junio concluye la primera etapa de la convocatoria \u201cSe Busca\u201d, una iniciativa que tiene como objetivo encontrar a la persona m\u00e1s creativa y comprometida con el cuidado y ahorro del agua en el hogar. Esta acci\u00f3n forma parte del programa CUIDA, impulsado por el Gobierno [&hellip;]<\/p>\n","protected":false},"author":2,"featured_media":221915,"comment_status":"closed","ping_status":"closed","sticky":false,"template":"","format":"standard","meta":{"footnotes":""},"categories":[12870,178],"tags":[12865,12869],"class_list":["post-221914","post","type-post","status-publish","format-standard","has-post-thumbnail","hentry","category-destacadas","category-local","tag-destacadas","tag-local"],"jetpack_featured_media_url":"https:\/\/rnoticias.com.mx\/Portal\/wp-content\/uploads\/2025\/06\/Se-Busca-al-creativo-del-Mes-a-quien-hace-cosas-extraordinarias-para-ahorrar-el-Agua-2.jpg","amp_enabled":true,"_links":{"self":[{"href":"https:\/\/rnoticias.com.mx\/Portal\/wp-json\/wp\/v2\/posts\/221914","targetHints":{"allow":["GET"]}}],"collection":[{"href":"https:\/\/rnoticias.com.mx\/Portal\/wp-json\/wp\/v2\/posts"}],"about":[{"href":"https:\/\/rnoticias.com.mx\/Portal\/wp-json\/wp\/v2\/types\/post"}],"author":[{"embeddable":true,"href":"https:\/\/rnoticias.com.mx\/Portal\/wp-json\/wp\/v2\/users\/2"}],"replies":[{"embeddable":true,"href":"https:\/\/rnoticias.com.mx\/Portal\/wp-json\/wp\/v2\/comments?post=221914"}],"version-history":[{"count":1,"href":"https:\/\/rnoticias.com.mx\/Portal\/wp-json\/wp\/v2\/posts\/221914\/revisions"}],"predecessor-version":[{"id":221916,"href":"https:\/\/rnoticias.com.mx\/Portal\/wp-json\/wp\/v2\/posts\/221914\/revisions\/221916"}],"wp:featuredmedia":[{"embeddable":true,"href":"https:\/\/rnoticias.com.mx\/Portal\/wp-json\/wp\/v2\/media\/221915"}],"wp:attachment":[{"href":"https:\/\/rnoticias.com.mx\/Portal\/wp-json\/wp\/v2\/media?parent=221914"}],"wp:term":[{"taxonomy":"category","embeddable":true,"href":"https:\/\/rnoticias.com.mx\/Portal\/wp-json\/wp\/v2\/categories?post=221914"},{"taxonomy":"post_tag","embeddable":true,"href":"https:\/\/rnoticias.com.mx\/Portal\/wp-json\/wp\/v2\/tags?post=221914"}],"curies":[{"name":"wp","href":"https:\/\/api.w.org\/{rel}","templated":true}]}}