{"id":221911,"date":"2025-06-19T08:17:57","date_gmt":"2025-06-19T15:17:57","guid":{"rendered":"https:\/\/rnoticias.com.mx\/Portal\/?p=221911"},"modified":"2025-06-19T08:17:57","modified_gmt":"2025-06-19T15:17:57","slug":"declara-iee-sonora-validez-de-las-elecciones-del-poder-judicial-local-2025-y-asigna-cargos-a-las-personas-electas","status":"publish","type":"post","link":"https:\/\/rnoticias.com.mx\/Portal\/2025\/06\/19\/declara-iee-sonora-validez-de-las-elecciones-del-poder-judicial-local-2025-y-asigna-cargos-a-las-personas-electas\/","title":{"rendered":"Declara IEE Sonora validez de las elecciones del Poder Judicial Local 2025 y asigna cargos a las personas electas"},"content":{"rendered":"<p class=\"x_MsoNormal\"><a name=\"x__Hlk201160449\"><\/a><span lang=\"es\" data-olk-copy-source=\"MessageBody\">Tras la conclusi\u00f3n de los c\u00f3mputos, la validaci\u00f3n de resultados y la revisi\u00f3n del cumplimiento de los requisitos de elegibilidad de las candidaturas, el Consejo General del Instituto Estatal Electoral y de Participaci\u00f3n Ciudadana (IEE Sonora), declar\u00f3 la validez de las cuatro elecciones del Proceso Electoral Extraordinario del Poder Judicial Local (PEEPJL) 2025.<b><\/b><\/span><\/p>\n<p class=\"x_MsoNormal\"><span lang=\"es\">En sesi\u00f3n extraordinaria celebrada la tarde de este mi\u00e9rcoles, las consejeras y consejeros electorales realizaron, tambi\u00e9n, la asignaci\u00f3n de cargos, as\u00ed como a la expedici\u00f3n de constancias de mayor\u00eda a las personas que resultaron electas por votaci\u00f3n ciudadana para los cargos en el Supremo Tribunal de Justicia, el Tribunal de Disciplina Judicial, los Tribunales Colegiados Regionales de Circuito; mientras que la de juezas y jueces se entregar\u00e1n de manera paulatina los pr\u00f3ximos d\u00edas.<\/span><\/p>\n<p class=\"x_MsoNormal\"><span lang=\"es\">Estas declaratorias constituyen la culminaci\u00f3n de la \u00faltima etapa del proceso electoral en el que, por primera vez, se eligieron mediante sufragio popular a quienes ocupar\u00e1n y los juzgados del Poder Judicial del Estado de Sonora.<\/span><\/p>\n<p class=\"x_MsoNormal\"><span lang=\"es\">La determinaci\u00f3n del Consejo General se sustent\u00f3 en la revisi\u00f3n integral de los resultados asentados en las actas de c\u00f3mputo emitidas por los 15 Consejos Municipales Electorales, y la incorporaci\u00f3n de las boletas adicionales remitidas por el Instituto Nacional Electoral (INE), las cuales fueron identificadas en paquetes electorales federales durante los c\u00f3mputos distritales y, posteriormente, remitidas al IEE Sonora para su c\u00f3mputo e integraci\u00f3n al resultado final.<\/span><\/p>\n<p class=\"x_MsoNormal\"><span lang=\"es\">Adem\u00e1s del escrutinio y sumatoria de votos, el IEE Sonora realiz\u00f3 un an\u00e1lisis detallado del cumplimiento de los requisitos de elegibilidad por parte de las candidaturas con mayor votaci\u00f3n.<\/span><\/p>\n<p class=\"x_MsoNormal\"><span lang=\"es\">Este an\u00e1lisis incluy\u00f3 de forma destacada la verificaci\u00f3n del cumplimiento de la \u201c3 de 3 contra la violencia de g\u00e9nero\u201d, que impide ser electas a aquellas personas sancionadas por violencia familiar, delitos sexuales o por ser deudores alimentarios morosos. Dicha verificaci\u00f3n se llev\u00f3 a cabo en esta etapa final conforme al principio de progresividad de los derechos humanos y en observancia a lo dispuesto en la legislaci\u00f3n local y criterios de la Sala Superior del Tribunal Electoral del Poder Judicial de la Federaci\u00f3n.<\/span><\/p>\n<p class=\"x_MsoNormal\"><a name=\"x__Hlk201160462\"><\/a><span lang=\"es\">Asimismo, y como parte del proceso de asignaci\u00f3n de los cargos, el Consejo General aplic\u00f3 los criterios que garantizan los principios de paridad de g\u00e9nero, alternancia en la distribuci\u00f3n de magistraturas y juezas\/jueces. Dichos principios, previamente definidos por el H. Congreso del Estado en la Convocatoria General P\u00fablica, permitieron asegurar una integraci\u00f3n equitativa, representativa y libre de discriminaci\u00f3n de los \u00f3rganos jurisdiccionales del Poder Judicial del Estado.<\/span><\/p>\n<p class=\"x_MsoNormal\"><a name=\"x__Hlk201160481\"><\/a><span lang=\"es\">Estos Acuerdos, el IEE Sonora reitera su compromiso con la legalidad, la transparencia y la consolidaci\u00f3n de los principios democr\u00e1ticos en el ejercicio del poder p\u00fablico, dando paso a una nueva etapa en la impartici\u00f3n de justicia con legitimidad ciudadana.<\/span><\/p>\n<p class=\"x_MsoNormal\"><span lang=\"es\">Presentes en la sesi\u00f3n el consejero presidente Nery Ruiz Arvizu, las consejeras Alma Lorena Alonso Valdivia, Linda Viridiana Calder\u00f3n Monta\u00f1o y Flor Terecita Barcel\u00f3 Noriega; as\u00ed como los consejeros Benjam\u00edn Hern\u00e1ndez Avalos, Wilfredo Rom\u00e1n Morales Silva y Jaime Olea Miranda; adem\u00e1s del secretario ejecutivo, Fernando Chapetti Siordia.<\/span><\/p>\n<p class=\"x_MsoNormal\"><span lang=\"es\">\u00a0<\/span>En\u00a0 representaci\u00f3n del ejecutivo estatal,\u00a0 la Jefa de la Oficina del Ejecutivo del estado,\u00a0 Paulina Oca\u00f1a; por el Congreso del Estado, la diputada\u00a0 Laura Eduwiges Espinoza Tapia, as\u00ed como el Magistrado del Supremo Tribunal de Justicia del estado de Sonora, Jorge Luis Moreno Moreno;\u00a0 la vocal ejecutiva de la junta local del INE en Sonora, Ver\u00f3nica Sandoval, el Magistrado presidente del Tribunal Estatal Electoral, Vladimir G\u00f3mez Anduro y las Magistradas Alejandra Velarde y Ana Maribel Salcido Jashimoto.<\/p>\n","protected":false},"excerpt":{"rendered":"<p>Tras la conclusi\u00f3n de los c\u00f3mputos, la validaci\u00f3n de resultados y la revisi\u00f3n del cumplimiento de los requisitos de elegibilidad de las candidaturas, el Consejo General del Instituto Estatal Electoral y de Participaci\u00f3n Ciudadana (IEE Sonora), declar\u00f3 la validez de las cuatro elecciones del Proceso Electoral Extraordinario del Poder Judicial Local (PEEPJL) 2025. En sesi\u00f3n [&hellip;]<\/p>\n","protected":false},"author":2,"featured_media":221912,"comment_status":"closed","ping_status":"closed","sticky":false,"template":"","format":"standard","meta":{"footnotes":""},"categories":[12870,12868],"tags":[12865,12879],"class_list":["post-221911","post","type-post","status-publish","format-standard","has-post-thumbnail","hentry","category-destacadas","category-politica","tag-destacadas","tag-politica"],"jetpack_featured_media_url":"https:\/\/rnoticias.com.mx\/Portal\/wp-content\/uploads\/2025\/06\/thumbnail_2-1140x570-1.jpg","amp_enabled":true,"_links":{"self":[{"href":"https:\/\/rnoticias.com.mx\/Portal\/wp-json\/wp\/v2\/posts\/221911","targetHints":{"allow":["GET"]}}],"collection":[{"href":"https:\/\/rnoticias.com.mx\/Portal\/wp-json\/wp\/v2\/posts"}],"about":[{"href":"https:\/\/rnoticias.com.mx\/Portal\/wp-json\/wp\/v2\/types\/post"}],"author":[{"embeddable":true,"href":"https:\/\/rnoticias.com.mx\/Portal\/wp-json\/wp\/v2\/users\/2"}],"replies":[{"embeddable":true,"href":"https:\/\/rnoticias.com.mx\/Portal\/wp-json\/wp\/v2\/comments?post=221911"}],"version-history":[{"count":1,"href":"https:\/\/rnoticias.com.mx\/Portal\/wp-json\/wp\/v2\/posts\/221911\/revisions"}],"predecessor-version":[{"id":221913,"href":"https:\/\/rnoticias.com.mx\/Portal\/wp-json\/wp\/v2\/posts\/221911\/revisions\/221913"}],"wp:featuredmedia":[{"embeddable":true,"href":"https:\/\/rnoticias.com.mx\/Portal\/wp-json\/wp\/v2\/media\/221912"}],"wp:attachment":[{"href":"https:\/\/rnoticias.com.mx\/Portal\/wp-json\/wp\/v2\/media?parent=221911"}],"wp:term":[{"taxonomy":"category","embeddable":true,"href":"https:\/\/rnoticias.com.mx\/Portal\/wp-json\/wp\/v2\/categories?post=221911"},{"taxonomy":"post_tag","embeddable":true,"href":"https:\/\/rnoticias.com.mx\/Portal\/wp-json\/wp\/v2\/tags?post=221911"}],"curies":[{"name":"wp","href":"https:\/\/api.w.org\/{rel}","templated":true}]}}