{"id":221899,"date":"2025-06-18T17:11:13","date_gmt":"2025-06-19T00:11:13","guid":{"rendered":"https:\/\/rnoticias.com.mx\/Portal\/?p=221899"},"modified":"2025-06-18T17:11:13","modified_gmt":"2025-06-19T00:11:13","slug":"capturan-policia-preventiva-y-sedena-a-motociclista-armado","status":"publish","type":"post","link":"https:\/\/rnoticias.com.mx\/Portal\/2025\/06\/18\/capturan-policia-preventiva-y-sedena-a-motociclista-armado\/","title":{"rendered":"Capturan Polic\u00eda Preventiva y Sedena a motociclista armado"},"content":{"rendered":"<div dir=\"auto\"><b>Hermosillo, Sonora a 18 de junio del 2025.-\u00a0<\/b>Con el apoyo en el acordonamiento del Ej\u00e9rcito, oficiales preventivos detuvieron a un motociclista en posesi\u00f3n de un arma de fuego cargada con 12 tiros \u00fatiles.<\/div>\n<div dir=\"auto\"><\/div>\n<div dir=\"auto\">Adri\u00e1n &#8220;N&#8221; de 39 a\u00f1os de edad,\u00a0 el arma de fuego de calibre 9 mil\u00edmetros y los cartuchos quedaron a disposici\u00f3n del Ministerio P\u00fablico.<\/div>\n<div dir=\"auto\"><\/div>\n<div dir=\"auto\">Eras\u00a0 las 19:30 horas de ayer, cuando se report\u00f3 un percance vial en las calles Pueblo del Sol Sur y Arroyo Agua Escondida.<\/div>\n<div dir=\"auto\"><\/div>\n<div dir=\"auto\">El reportante de 39 a\u00f1os de edad, cont\u00f3 que un motociclista le cerr\u00f3 el paso cuando conduc\u00eda su autom\u00f3vil tipo sed\u00e1n, de la l\u00ednea March.<\/div>\n<div dir=\"auto\"><\/div>\n<div dir=\"auto\">Dijo que eso provoc\u00f3 que la moto de la marca Honda, linea 150 se impactar\u00e1 del lado izquierdo, para luego el abordante disparar tres veces al sed\u00e1n causando da\u00f1os en la carrocer\u00eda.<\/div>\n<div dir=\"auto\"><\/div>\n<div dir=\"auto\">De inmediato los agentes municipales metros adelante interceptaron al motociclista, a quien le encontraron fajada a la altura de la cintura la pistola descrita.<\/div>\n","protected":false},"excerpt":{"rendered":"<p>Hermosillo, Sonora a 18 de junio del 2025.-\u00a0Con el apoyo en el acordonamiento del Ej\u00e9rcito, oficiales preventivos detuvieron a un motociclista en posesi\u00f3n de un arma de fuego cargada con 12 tiros \u00fatiles. Adri\u00e1n &#8220;N&#8221; de 39 a\u00f1os de edad,\u00a0 el arma de fuego de calibre 9 mil\u00edmetros y los cartuchos quedaron a disposici\u00f3n del [&hellip;]<\/p>\n","protected":false},"author":2,"featured_media":221900,"comment_status":"closed","ping_status":"closed","sticky":false,"template":"","format":"standard","meta":{"footnotes":""},"categories":[12870,178],"tags":[12865,12869],"class_list":["post-221899","post","type-post","status-publish","format-standard","has-post-thumbnail","hentry","category-destacadas","category-local","tag-destacadas","tag-local"],"jetpack_featured_media_url":"https:\/\/rnoticias.com.mx\/Portal\/wp-content\/uploads\/2025\/06\/1001351571.jpg","amp_enabled":true,"_links":{"self":[{"href":"https:\/\/rnoticias.com.mx\/Portal\/wp-json\/wp\/v2\/posts\/221899","targetHints":{"allow":["GET"]}}],"collection":[{"href":"https:\/\/rnoticias.com.mx\/Portal\/wp-json\/wp\/v2\/posts"}],"about":[{"href":"https:\/\/rnoticias.com.mx\/Portal\/wp-json\/wp\/v2\/types\/post"}],"author":[{"embeddable":true,"href":"https:\/\/rnoticias.com.mx\/Portal\/wp-json\/wp\/v2\/users\/2"}],"replies":[{"embeddable":true,"href":"https:\/\/rnoticias.com.mx\/Portal\/wp-json\/wp\/v2\/comments?post=221899"}],"version-history":[{"count":1,"href":"https:\/\/rnoticias.com.mx\/Portal\/wp-json\/wp\/v2\/posts\/221899\/revisions"}],"predecessor-version":[{"id":221901,"href":"https:\/\/rnoticias.com.mx\/Portal\/wp-json\/wp\/v2\/posts\/221899\/revisions\/221901"}],"wp:featuredmedia":[{"embeddable":true,"href":"https:\/\/rnoticias.com.mx\/Portal\/wp-json\/wp\/v2\/media\/221900"}],"wp:attachment":[{"href":"https:\/\/rnoticias.com.mx\/Portal\/wp-json\/wp\/v2\/media?parent=221899"}],"wp:term":[{"taxonomy":"category","embeddable":true,"href":"https:\/\/rnoticias.com.mx\/Portal\/wp-json\/wp\/v2\/categories?post=221899"},{"taxonomy":"post_tag","embeddable":true,"href":"https:\/\/rnoticias.com.mx\/Portal\/wp-json\/wp\/v2\/tags?post=221899"}],"curies":[{"name":"wp","href":"https:\/\/api.w.org\/{rel}","templated":true}]}}