{"id":221890,"date":"2025-06-18T17:02:41","date_gmt":"2025-06-19T00:02:41","guid":{"rendered":"https:\/\/rnoticias.com.mx\/Portal\/?p=221890"},"modified":"2025-06-18T17:02:41","modified_gmt":"2025-06-19T00:02:41","slug":"legisladores-coordinan-esfuerzos-en-beneficio-de-los-pueblos-originarios","status":"publish","type":"post","link":"https:\/\/rnoticias.com.mx\/Portal\/2025\/06\/18\/legisladores-coordinan-esfuerzos-en-beneficio-de-los-pueblos-originarios\/","title":{"rendered":"Legisladores coordinan esfuerzos en beneficio de los pueblos originarios"},"content":{"rendered":"<p>Hermosillo, Sonora; 18 de junio de 2025.- Con el prop\u00f3sito de atender de manera directa las demandas y necesidades de pueblos y comunidades originarias del estado, el diputado Pr\u00f3spero Valenzuela Mu\u00f1er (Morena) encabez\u00f3 una reuni\u00f3n de trabajo con representantes de distintas dependencias federales y estatales.<\/p>\n<p>El encuentro se llev\u00f3 a cabo como parte de las acciones impulsadas por la Comisi\u00f3n de Asuntos Ind\u00edgenas del Congreso del Estado, y cont\u00f3 con la participaci\u00f3n de diputadas y diputados integrantes de dicha comisi\u00f3n, entre ellos, Jazm\u00edn G\u00f3mez Liz\u00e1rraga (PT) y Jes\u00fas Tadeo Mend\u00edvil Valenzuela (Morena).<\/p>\n<p>Durante la reuni\u00f3n, se abordaron diversos temas relacionados con la agilizaci\u00f3n de proyectos de infraestructura, desarrollo social, educaci\u00f3n, vivienda y fortalecimiento cultural.<\/p>\n<p>El diputado Valenzuela Mu\u00f1er reiter\u00f3 su disposici\u00f3n de seguir siendo un puente entre las autoridades y las comunidades, as\u00ed como de legislar con una perspectiva intercultural que reconozca, respete y promueva los derechos de los pueblos ind\u00edgenas de Sonora.<\/p>\n","protected":false},"excerpt":{"rendered":"<p>Hermosillo, Sonora; 18 de junio de 2025.- Con el prop\u00f3sito de atender de manera directa las demandas y necesidades de pueblos y comunidades originarias del estado, el diputado Pr\u00f3spero Valenzuela Mu\u00f1er (Morena) encabez\u00f3 una reuni\u00f3n de trabajo con representantes de distintas dependencias federales y estatales. El encuentro se llev\u00f3 a cabo como parte de las [&hellip;]<\/p>\n","protected":false},"author":2,"featured_media":221891,"comment_status":"closed","ping_status":"closed","sticky":false,"template":"","format":"standard","meta":{"footnotes":""},"categories":[12870,12868],"tags":[12865,12879],"class_list":["post-221890","post","type-post","status-publish","format-standard","has-post-thumbnail","hentry","category-destacadas","category-politica","tag-destacadas","tag-politica"],"jetpack_featured_media_url":"https:\/\/rnoticias.com.mx\/Portal\/wp-content\/uploads\/2025\/06\/6a0d6774-61c4-4b41-827c-8fb7860836e3.jpg","amp_enabled":true,"_links":{"self":[{"href":"https:\/\/rnoticias.com.mx\/Portal\/wp-json\/wp\/v2\/posts\/221890","targetHints":{"allow":["GET"]}}],"collection":[{"href":"https:\/\/rnoticias.com.mx\/Portal\/wp-json\/wp\/v2\/posts"}],"about":[{"href":"https:\/\/rnoticias.com.mx\/Portal\/wp-json\/wp\/v2\/types\/post"}],"author":[{"embeddable":true,"href":"https:\/\/rnoticias.com.mx\/Portal\/wp-json\/wp\/v2\/users\/2"}],"replies":[{"embeddable":true,"href":"https:\/\/rnoticias.com.mx\/Portal\/wp-json\/wp\/v2\/comments?post=221890"}],"version-history":[{"count":1,"href":"https:\/\/rnoticias.com.mx\/Portal\/wp-json\/wp\/v2\/posts\/221890\/revisions"}],"predecessor-version":[{"id":221892,"href":"https:\/\/rnoticias.com.mx\/Portal\/wp-json\/wp\/v2\/posts\/221890\/revisions\/221892"}],"wp:featuredmedia":[{"embeddable":true,"href":"https:\/\/rnoticias.com.mx\/Portal\/wp-json\/wp\/v2\/media\/221891"}],"wp:attachment":[{"href":"https:\/\/rnoticias.com.mx\/Portal\/wp-json\/wp\/v2\/media?parent=221890"}],"wp:term":[{"taxonomy":"category","embeddable":true,"href":"https:\/\/rnoticias.com.mx\/Portal\/wp-json\/wp\/v2\/categories?post=221890"},{"taxonomy":"post_tag","embeddable":true,"href":"https:\/\/rnoticias.com.mx\/Portal\/wp-json\/wp\/v2\/tags?post=221890"}],"curies":[{"name":"wp","href":"https:\/\/api.w.org\/{rel}","templated":true}]}}