{"id":221884,"date":"2025-06-18T16:51:18","date_gmt":"2025-06-18T23:51:18","guid":{"rendered":"https:\/\/rnoticias.com.mx\/Portal\/?p=221884"},"modified":"2025-06-18T16:51:18","modified_gmt":"2025-06-18T23:51:18","slug":"impulsa-gobierno-de-sonora-liderazgo-transformador-en-personal-de-la-ues","status":"publish","type":"post","link":"https:\/\/rnoticias.com.mx\/Portal\/2025\/06\/18\/impulsa-gobierno-de-sonora-liderazgo-transformador-en-personal-de-la-ues\/","title":{"rendered":"Impulsa Gobierno de Sonora liderazgo transformador en personal de la UES"},"content":{"rendered":"<p align=\"justify\">\n<p align=\"justify\">Hermosillo, Sonora; 18 de junio de 2025.- Como parte de las primeras acciones del Programa Bienestar, Liderazgo y Transformaci\u00f3n Universitaria, el Gobierno de Sonora, a trav\u00e9s de la Universidad Estatal de Sonora (UES), llev\u00f3 a cabo el \u201cTaller de Liderazgo Transformador\u201d en las unidades acad\u00e9micas de San Luis R\u00edo Colorado, Magdalena y Hermosillo.<\/p>\n<p align=\"justify\">\n<p align=\"justify\">La capacitaci\u00f3n estuvo dirigida a docentes, personal administrativo y de servicios, y fue impartida por la especialista en liderazgo organizacional y desarrollo humano, Laura Elena Woolfolk Gallego, quien comparti\u00f3 estrategias enfocadas en el fortalecimiento del liderazgo efectivo, la comunicaci\u00f3n institucional y el trabajo colaborativo en entornos educativos.<\/p>\n<p align=\"justify\">\n<p align=\"justify\">La rectora de la UES, Martha Patricia Pati\u00f1o Fierro, se\u00f1al\u00f3 que estas capacitaciones son fundamentales para fomentar el liderazgo y el desarrollo de habilidades blandas en el personal universitario, elementos clave para consolidar una comunidad acad\u00e9mica participativa y comprometida con la transformaci\u00f3n institucional.<\/p>\n<p align=\"justify\">\n<p align=\"justify\">\u201cEstas acciones contribuyen a sumar al personal como agentes de cambio en la transformaci\u00f3n de la UES, aline\u00e1ndonos con los principios de la Nueva Escuela Mexicana y los lineamientos establecidos por la Secretar\u00eda de Educaci\u00f3n P\u00fablica y la Secretar\u00eda de Educaci\u00f3n y Cultura del Estado de Sonora\u201d, expres\u00f3 la rectora.<\/p>\n<p align=\"justify\">\n<p align=\"justify\">Con este tipo de iniciativas, el Gobierno de Sonora, que encabeza Alfonso Durazo Monta\u00f1o, refrenda su compromiso con el fortalecimiento de la educaci\u00f3n superior a trav\u00e9s del desarrollo profesional de quienes integran las instituciones p\u00fablicas del estado.<\/p>\n","protected":false},"excerpt":{"rendered":"<p>Hermosillo, Sonora; 18 de junio de 2025.- Como parte de las primeras acciones del Programa Bienestar, Liderazgo y Transformaci\u00f3n Universitaria, el Gobierno de Sonora, a trav\u00e9s de la Universidad Estatal de Sonora (UES), llev\u00f3 a cabo el \u201cTaller de Liderazgo Transformador\u201d en las unidades acad\u00e9micas de San Luis R\u00edo Colorado, Magdalena y Hermosillo. La capacitaci\u00f3n [&hellip;]<\/p>\n","protected":false},"author":2,"featured_media":221885,"comment_status":"closed","ping_status":"closed","sticky":false,"template":"","format":"standard","meta":{"footnotes":""},"categories":[12870,178],"tags":[12865,12869],"class_list":["post-221884","post","type-post","status-publish","format-standard","has-post-thumbnail","hentry","category-destacadas","category-local","tag-destacadas","tag-local"],"jetpack_featured_media_url":"https:\/\/rnoticias.com.mx\/Portal\/wp-content\/uploads\/2025\/06\/22122.jpg","amp_enabled":true,"_links":{"self":[{"href":"https:\/\/rnoticias.com.mx\/Portal\/wp-json\/wp\/v2\/posts\/221884","targetHints":{"allow":["GET"]}}],"collection":[{"href":"https:\/\/rnoticias.com.mx\/Portal\/wp-json\/wp\/v2\/posts"}],"about":[{"href":"https:\/\/rnoticias.com.mx\/Portal\/wp-json\/wp\/v2\/types\/post"}],"author":[{"embeddable":true,"href":"https:\/\/rnoticias.com.mx\/Portal\/wp-json\/wp\/v2\/users\/2"}],"replies":[{"embeddable":true,"href":"https:\/\/rnoticias.com.mx\/Portal\/wp-json\/wp\/v2\/comments?post=221884"}],"version-history":[{"count":1,"href":"https:\/\/rnoticias.com.mx\/Portal\/wp-json\/wp\/v2\/posts\/221884\/revisions"}],"predecessor-version":[{"id":221886,"href":"https:\/\/rnoticias.com.mx\/Portal\/wp-json\/wp\/v2\/posts\/221884\/revisions\/221886"}],"wp:featuredmedia":[{"embeddable":true,"href":"https:\/\/rnoticias.com.mx\/Portal\/wp-json\/wp\/v2\/media\/221885"}],"wp:attachment":[{"href":"https:\/\/rnoticias.com.mx\/Portal\/wp-json\/wp\/v2\/media?parent=221884"}],"wp:term":[{"taxonomy":"category","embeddable":true,"href":"https:\/\/rnoticias.com.mx\/Portal\/wp-json\/wp\/v2\/categories?post=221884"},{"taxonomy":"post_tag","embeddable":true,"href":"https:\/\/rnoticias.com.mx\/Portal\/wp-json\/wp\/v2\/tags?post=221884"}],"curies":[{"name":"wp","href":"https:\/\/api.w.org\/{rel}","templated":true}]}}