{"id":221881,"date":"2025-06-18T16:50:29","date_gmt":"2025-06-18T23:50:29","guid":{"rendered":"https:\/\/rnoticias.com.mx\/Portal\/?p=221881"},"modified":"2025-06-18T16:50:29","modified_gmt":"2025-06-18T23:50:29","slug":"es-positiva-implementacion-de-ley-silla-fecanaco-canacope","status":"publish","type":"post","link":"https:\/\/rnoticias.com.mx\/Portal\/2025\/06\/18\/es-positiva-implementacion-de-ley-silla-fecanaco-canacope\/","title":{"rendered":"Es positiva implementaci\u00f3n de \u201cLey Silla\u201d: Fecanaco-Canacope"},"content":{"rendered":"<p>Hermosillo, Sonora a 18 de junio del 2025. La Federaci\u00f3n de C\u00e1maras Nacionales de Comercio (Fecanaco) en Sonora y la C\u00e1mara Nacional de Comercio en Peque\u00f1o y Servicio al Turismo (Canacope) de Hermosillo, expresaron su respaldo a la reforma conocida como \u201cLey Silla\u201d, una ley que busca garantizar mejores condiciones laborales para los trabajadores.<\/p>\n<p>El presidente de ambas c\u00e1maras empresariales, Mart\u00edn Zalazar Zazueta, coment\u00f3 que esa ley que ya entr\u00f3 en vigor este pasado 17 de junio, consiste b\u00e1sicamente en proporcionar a todos los trabajadores sillas o asientos adecuados para que puedan descansar, sobre todo aquellos con jornadas mayores a 6 horas continuas.<\/p>\n<p>\u201cB\u00e1sicamente est\u00e1 ley busca mejorar las condiciones de aquellos trabajadores que por permanecer largas jornadas de pie puedan presentar alg\u00fan problema de salud, tambi\u00e9n para prevenir problemas circulatorios como varices, fatiga muscular y cualquier lesi\u00f3n que estar mucho tiempo parado ocasione. Sin duda este tipo de adecuaciones deben ayudar en el desenvolvimiento diario de ciertos empleados en sus \u00e1reas de trabajo\u201d, indic\u00f3.<\/p>\n<p>A\u00f1adi\u00f3, que esta nueva ley que obliga a todas las empresas y negocios a tener estas condiciones, contar\u00e1 con un per\u00edodo de 180 d\u00edas para su aplicaci\u00f3n, y de no sujetarse a sus indicaciones, podr\u00edan derivarse sanciones o multas que variar\u00e1n seg\u00fan sea el caso.<\/p>\n<p>Zalazar Zazueta agreg\u00f3, que los negocios que se tendr\u00e1n que adecuar a estos cambios ser\u00e1n las tiendas de autoservicio, departamentales, de conveniencia, supermercados, farmacias, cadenas de comida r\u00e1pida, empresas de seguridad, as\u00ed como aquellas f\u00e1bricas o maquilas que por la naturaleza de su operaci\u00f3n requieran estar de pie sus trabajadores.<\/p>\n<p>\u201cCada empresa tendr\u00e1 que definir esas nuevas reglas, de los tiempos, etc\u00e9tera, a fin de que el empleado reciba el beneficio sin que resulte afectada la operaci\u00f3n de la empresa\u201d, culmin\u00f3.<\/p>\n","protected":false},"excerpt":{"rendered":"<p>Hermosillo, Sonora a 18 de junio del 2025. La Federaci\u00f3n de C\u00e1maras Nacionales de Comercio (Fecanaco) en Sonora y la C\u00e1mara Nacional de Comercio en Peque\u00f1o y Servicio al Turismo (Canacope) de Hermosillo, expresaron su respaldo a la reforma conocida como \u201cLey Silla\u201d, una ley que busca garantizar mejores condiciones laborales para los trabajadores. El [&hellip;]<\/p>\n","protected":false},"author":2,"featured_media":221882,"comment_status":"closed","ping_status":"closed","sticky":false,"template":"","format":"standard","meta":{"footnotes":""},"categories":[12870,178],"tags":[12865,12869],"class_list":["post-221881","post","type-post","status-publish","format-standard","has-post-thumbnail","hentry","category-destacadas","category-local","tag-destacadas","tag-local"],"jetpack_featured_media_url":"https:\/\/rnoticias.com.mx\/Portal\/wp-content\/uploads\/2025\/06\/ley-silla-en-torreon-veronica_0_21_1200_758.jpeg","amp_enabled":true,"_links":{"self":[{"href":"https:\/\/rnoticias.com.mx\/Portal\/wp-json\/wp\/v2\/posts\/221881","targetHints":{"allow":["GET"]}}],"collection":[{"href":"https:\/\/rnoticias.com.mx\/Portal\/wp-json\/wp\/v2\/posts"}],"about":[{"href":"https:\/\/rnoticias.com.mx\/Portal\/wp-json\/wp\/v2\/types\/post"}],"author":[{"embeddable":true,"href":"https:\/\/rnoticias.com.mx\/Portal\/wp-json\/wp\/v2\/users\/2"}],"replies":[{"embeddable":true,"href":"https:\/\/rnoticias.com.mx\/Portal\/wp-json\/wp\/v2\/comments?post=221881"}],"version-history":[{"count":1,"href":"https:\/\/rnoticias.com.mx\/Portal\/wp-json\/wp\/v2\/posts\/221881\/revisions"}],"predecessor-version":[{"id":221883,"href":"https:\/\/rnoticias.com.mx\/Portal\/wp-json\/wp\/v2\/posts\/221881\/revisions\/221883"}],"wp:featuredmedia":[{"embeddable":true,"href":"https:\/\/rnoticias.com.mx\/Portal\/wp-json\/wp\/v2\/media\/221882"}],"wp:attachment":[{"href":"https:\/\/rnoticias.com.mx\/Portal\/wp-json\/wp\/v2\/media?parent=221881"}],"wp:term":[{"taxonomy":"category","embeddable":true,"href":"https:\/\/rnoticias.com.mx\/Portal\/wp-json\/wp\/v2\/categories?post=221881"},{"taxonomy":"post_tag","embeddable":true,"href":"https:\/\/rnoticias.com.mx\/Portal\/wp-json\/wp\/v2\/tags?post=221881"}],"curies":[{"name":"wp","href":"https:\/\/api.w.org\/{rel}","templated":true}]}}