{"id":221875,"date":"2025-06-18T16:46:25","date_gmt":"2025-06-18T23:46:25","guid":{"rendered":"https:\/\/rnoticias.com.mx\/Portal\/?p=221875"},"modified":"2025-06-18T16:46:25","modified_gmt":"2025-06-18T23:46:25","slug":"inicia-ayuntamiento-de-hermosillo-taller-de-lengua-de-senas-mexicana-a-partir-del-lunes-23","status":"publish","type":"post","link":"https:\/\/rnoticias.com.mx\/Portal\/2025\/06\/18\/inicia-ayuntamiento-de-hermosillo-taller-de-lengua-de-senas-mexicana-a-partir-del-lunes-23\/","title":{"rendered":"Inicia Ayuntamiento de Hermosillo Taller de Lengua de Se\u00f1as Mexicana a partir del lunes 23"},"content":{"rendered":"<p><b data-olk-copy-source=\"MessageBody\">Hermosillo, Sonora; 18 de junio de 2025.-\u00a0<\/b>Como parte del compromiso del Gobierno Municipal con la inclusi\u00f3n, el Instituto Hermosillense de la Juventud (IHJ) inicia un nuevo curso intensivo del Taller de Lengua de Se\u00f1as Mexicana, mismo que obtuvo una gran respuesta de las y los hermosillenses.<\/p>\n<p aria-hidden=\"true\">\n<p>Francisco Villaescusa, director del IHJ destac\u00f3 la importancia de fomentar espacios de aprendizaje que permitan romper barreras de la comunicaci\u00f3n y construir una sociedad m\u00e1s incluyente en la que personas con discapacidad puedan desenvolverse con plenitud.<\/p>\n<p aria-hidden=\"true\">\n<p>El Taller de Se\u00f1as Mexicana se realizar\u00e1 del lunes 23 al viernes 27 de junio, en un horario de 5:00 a 7:00 pm.<\/p>\n<p aria-hidden=\"true\">\n<p>\u201cAprender Lengua de Se\u00f1as es una forma de abrir puertas a la inclusi\u00f3n y de reconocer los derechos de la comunidad sorda a una comunicaci\u00f3n accesible y digna. Estas acciones simbolizan el compromiso del presidente municipal Antonio Astiazar\u00e1n con un Hermosillo m\u00e1s incluyente\u201d, expres\u00f3.<\/p>\n<p aria-hidden=\"true\">\n<p>El curso con cupo limitado se impartir\u00e1 en las instalaciones de Salud H, ubicadas en la avenida Dr. Alberto G. Noriega #8 de la colonia Centro.<\/p>\n<p aria-hidden=\"true\">\n<p>El titular del IHJ convoc\u00f3 a las y los hermosillenses interesados que no lograron inscribirse a estar pendiente de las redes sociales oficiales del Ayuntamiento de Hermosillo y del Instituto cuando anuncien una nueva fecha.<\/p>\n<p aria-hidden=\"true\">\n<p>El Gobierno Municipal realiza este tipo de acciones para lograr una sociedad m\u00e1s incluyente que visibiliza a las personas con discapacidad auditiva.<\/p>\n","protected":false},"excerpt":{"rendered":"<p>Hermosillo, Sonora; 18 de junio de 2025.-\u00a0Como parte del compromiso del Gobierno Municipal con la inclusi\u00f3n, el Instituto Hermosillense de la Juventud (IHJ) inicia un nuevo curso intensivo del Taller de Lengua de Se\u00f1as Mexicana, mismo que obtuvo una gran respuesta de las y los hermosillenses. Francisco Villaescusa, director del IHJ destac\u00f3 la importancia de [&hellip;]<\/p>\n","protected":false},"author":2,"featured_media":221876,"comment_status":"closed","ping_status":"closed","sticky":false,"template":"","format":"standard","meta":{"footnotes":""},"categories":[12870,178],"tags":[12865,12869],"class_list":["post-221875","post","type-post","status-publish","format-standard","has-post-thumbnail","hentry","category-destacadas","category-local","tag-destacadas","tag-local"],"jetpack_featured_media_url":"https:\/\/rnoticias.com.mx\/Portal\/wp-content\/uploads\/2025\/06\/231.jpg","amp_enabled":true,"_links":{"self":[{"href":"https:\/\/rnoticias.com.mx\/Portal\/wp-json\/wp\/v2\/posts\/221875","targetHints":{"allow":["GET"]}}],"collection":[{"href":"https:\/\/rnoticias.com.mx\/Portal\/wp-json\/wp\/v2\/posts"}],"about":[{"href":"https:\/\/rnoticias.com.mx\/Portal\/wp-json\/wp\/v2\/types\/post"}],"author":[{"embeddable":true,"href":"https:\/\/rnoticias.com.mx\/Portal\/wp-json\/wp\/v2\/users\/2"}],"replies":[{"embeddable":true,"href":"https:\/\/rnoticias.com.mx\/Portal\/wp-json\/wp\/v2\/comments?post=221875"}],"version-history":[{"count":1,"href":"https:\/\/rnoticias.com.mx\/Portal\/wp-json\/wp\/v2\/posts\/221875\/revisions"}],"predecessor-version":[{"id":221877,"href":"https:\/\/rnoticias.com.mx\/Portal\/wp-json\/wp\/v2\/posts\/221875\/revisions\/221877"}],"wp:featuredmedia":[{"embeddable":true,"href":"https:\/\/rnoticias.com.mx\/Portal\/wp-json\/wp\/v2\/media\/221876"}],"wp:attachment":[{"href":"https:\/\/rnoticias.com.mx\/Portal\/wp-json\/wp\/v2\/media?parent=221875"}],"wp:term":[{"taxonomy":"category","embeddable":true,"href":"https:\/\/rnoticias.com.mx\/Portal\/wp-json\/wp\/v2\/categories?post=221875"},{"taxonomy":"post_tag","embeddable":true,"href":"https:\/\/rnoticias.com.mx\/Portal\/wp-json\/wp\/v2\/tags?post=221875"}],"curies":[{"name":"wp","href":"https:\/\/api.w.org\/{rel}","templated":true}]}}