{"id":221870,"date":"2025-06-18T16:15:34","date_gmt":"2025-06-18T23:15:34","guid":{"rendered":"https:\/\/rnoticias.com.mx\/Portal\/?p=221870"},"modified":"2025-06-18T16:15:34","modified_gmt":"2025-06-18T23:15:34","slug":"gobierno-de-sonora-informa-posibles-rachas-fuertes-de-viento-en-los-proximos-dias","status":"publish","type":"post","link":"https:\/\/rnoticias.com.mx\/Portal\/2025\/06\/18\/gobierno-de-sonora-informa-posibles-rachas-fuertes-de-viento-en-los-proximos-dias\/","title":{"rendered":"Gobierno de Sonora informa posibles rachas fuertes de viento en los pr\u00f3ximos d\u00edas"},"content":{"rendered":"<p>Hermosillo, Sonora; 18 de junio de 2025.- El Gobierno de Sonora, a trav\u00e9s de la Coordinaci\u00f3n Estatal de Protecci\u00f3n Civil (CEPC), informa que del 21 al 24 de junio se espera la aproximaci\u00f3n de una masa de aire polar fuera de temporada sobre la frontera noroeste del pa\u00eds, la cual generar\u00eda fuertes rachas de viento sobre la costa noroeste, el centro y sur del estado.<\/p>\n<p>Se prev\u00e9n vientos sostenidos de 20 a 40 km\/h, con rachas que podr\u00edan superar los 60 km\/h en dichos sectores del territorio sonorense.<\/p>\n<p>Armando Casta\u00f1eda S\u00e1nchez, coordinador estatal de Protecci\u00f3n Civil, explic\u00f3 que este sistema, en interacci\u00f3n con el aporte de humedad proveniente del Oc\u00e9ano Pac\u00edfico y el debilitamiento del anticicl\u00f3n, ocasionar\u00eda condiciones de inestabilidad sobre la regi\u00f3n serrana durante este periodo.<\/p>\n<p>Estas condiciones podr\u00edan favorecer el desarrollo de n\u00facleos de tormenta con intensa actividad el\u00e9ctrica y lluvias puntuales en municipios lim\u00edtrofes con Chihuahua.<\/p>\n<p>Asimismo, la aproximaci\u00f3n de este fen\u00f3meno contribuir\u00e1 a mitigar las altas temperaturas, manteniendo valores por debajo de los 40 \u00b0C. No obstante, continuar\u00e1 el ambiente muy caluroso, con sensaciones t\u00e9rmicas elevadas.<\/p>\n<p>Por ello, se reitera el llamado a la poblaci\u00f3n a mantener las medidas de prevenci\u00f3n ante el calor, como vestir ropa clara, usar gorra o sombrero, hidratarse constantemente y evitar la exposici\u00f3n prolongada al sol.<\/p>\n<p>Ante cualquier emergencia, se recomienda reportarla al 9-1-1.<\/p>\n","protected":false},"excerpt":{"rendered":"<p>Hermosillo, Sonora; 18 de junio de 2025.- El Gobierno de Sonora, a trav\u00e9s de la Coordinaci\u00f3n Estatal de Protecci\u00f3n Civil (CEPC), informa que del 21 al 24 de junio se espera la aproximaci\u00f3n de una masa de aire polar fuera de temporada sobre la frontera noroeste del pa\u00eds, la cual generar\u00eda fuertes rachas de viento [&hellip;]<\/p>\n","protected":false},"author":2,"featured_media":221871,"comment_status":"closed","ping_status":"closed","sticky":false,"template":"","format":"standard","meta":{"footnotes":""},"categories":[12870,178],"tags":[12865,12869],"class_list":["post-221870","post","type-post","status-publish","format-standard","has-post-thumbnail","hentry","category-destacadas","category-local","tag-destacadas","tag-local"],"jetpack_featured_media_url":"https:\/\/rnoticias.com.mx\/Portal\/wp-content\/uploads\/2025\/06\/4646.jpg","amp_enabled":true,"_links":{"self":[{"href":"https:\/\/rnoticias.com.mx\/Portal\/wp-json\/wp\/v2\/posts\/221870","targetHints":{"allow":["GET"]}}],"collection":[{"href":"https:\/\/rnoticias.com.mx\/Portal\/wp-json\/wp\/v2\/posts"}],"about":[{"href":"https:\/\/rnoticias.com.mx\/Portal\/wp-json\/wp\/v2\/types\/post"}],"author":[{"embeddable":true,"href":"https:\/\/rnoticias.com.mx\/Portal\/wp-json\/wp\/v2\/users\/2"}],"replies":[{"embeddable":true,"href":"https:\/\/rnoticias.com.mx\/Portal\/wp-json\/wp\/v2\/comments?post=221870"}],"version-history":[{"count":1,"href":"https:\/\/rnoticias.com.mx\/Portal\/wp-json\/wp\/v2\/posts\/221870\/revisions"}],"predecessor-version":[{"id":221872,"href":"https:\/\/rnoticias.com.mx\/Portal\/wp-json\/wp\/v2\/posts\/221870\/revisions\/221872"}],"wp:featuredmedia":[{"embeddable":true,"href":"https:\/\/rnoticias.com.mx\/Portal\/wp-json\/wp\/v2\/media\/221871"}],"wp:attachment":[{"href":"https:\/\/rnoticias.com.mx\/Portal\/wp-json\/wp\/v2\/media?parent=221870"}],"wp:term":[{"taxonomy":"category","embeddable":true,"href":"https:\/\/rnoticias.com.mx\/Portal\/wp-json\/wp\/v2\/categories?post=221870"},{"taxonomy":"post_tag","embeddable":true,"href":"https:\/\/rnoticias.com.mx\/Portal\/wp-json\/wp\/v2\/tags?post=221870"}],"curies":[{"name":"wp","href":"https:\/\/api.w.org\/{rel}","templated":true}]}}