{"id":221867,"date":"2025-06-18T16:14:31","date_gmt":"2025-06-18T23:14:31","guid":{"rendered":"https:\/\/rnoticias.com.mx\/Portal\/?p=221867"},"modified":"2025-06-18T16:14:31","modified_gmt":"2025-06-18T23:14:31","slug":"lleva-gobierno-de-sonora-modulo-itinerante-de-repuve-a-pesqueira","status":"publish","type":"post","link":"https:\/\/rnoticias.com.mx\/Portal\/2025\/06\/18\/lleva-gobierno-de-sonora-modulo-itinerante-de-repuve-a-pesqueira\/","title":{"rendered":"Lleva Gobierno de Sonora m\u00f3dulo itinerante de Repuve a Pesqueira"},"content":{"rendered":"<p>San Miguel de Horcasitas, Sonora; 18 de junio de 2025.- Con el objetivo de apoyar a ciudadanos interesados en regularizar veh\u00edculos usados de procedencia extranjera, el Gobierno de Sonora trasladar\u00e1 el m\u00f3dulo itinerante del Registro P\u00fablico Vehicular (Repuve) a la comunidad de Pesqueira, con el prop\u00f3sito de beneficiar tambi\u00e9n a los municipios de Opodepe, Ray\u00f3n, Carb\u00f3 y San Miguel de Horcasitas.<\/p>\n<p>Del 23 al 27 de junio, la unidad m\u00f3vil se instalar\u00e1 frente a la Comisar\u00eda de Polic\u00eda de Pesqueira, ubicada en la calle General Fausto Topete, sin n\u00famero, en la colonia Centro, en un horario de 8:00 a 15:00 horas.<\/p>\n<p>Personal de la Secretar\u00eda de Seguridad P\u00fablica (SSP) asignado al Repuve estar\u00e1 disponible para apoyar en el proceso que brinda certeza jur\u00eddica a los propietarios de veh\u00edculos y que permite transitar de manera legal por territorio mexicano.<\/p>\n<p>Para realizar el tr\u00e1mite ante Repuve, la SSP Sonora recomienda a la ciudadan\u00eda de los municipios mencionados agendar previamente una cita, exclusivamente en el portal oficial:\u00a0<a href=\"http:\/\/www.regularizaauto.sspc.gob.mx\/\" target=\"_blank\" rel=\"noopener\" data-saferedirecturl=\"https:\/\/www.google.com\/url?q=http:\/\/www.regularizaauto.sspc.gob.mx&amp;source=gmail&amp;ust=1750374681046000&amp;usg=AOvVaw34Lpzk3dT9P3H268duClvW\">www.regularizaauto.sspc.gob.mx<\/a><\/p>\n","protected":false},"excerpt":{"rendered":"<p>San Miguel de Horcasitas, Sonora; 18 de junio de 2025.- Con el objetivo de apoyar a ciudadanos interesados en regularizar veh\u00edculos usados de procedencia extranjera, el Gobierno de Sonora trasladar\u00e1 el m\u00f3dulo itinerante del Registro P\u00fablico Vehicular (Repuve) a la comunidad de Pesqueira, con el prop\u00f3sito de beneficiar tambi\u00e9n a los municipios de Opodepe, Ray\u00f3n, [&hellip;]<\/p>\n","protected":false},"author":2,"featured_media":221868,"comment_status":"closed","ping_status":"closed","sticky":false,"template":"","format":"standard","meta":{"footnotes":""},"categories":[12870,174],"tags":[12865,12873],"class_list":["post-221867","post","type-post","status-publish","format-standard","has-post-thumbnail","hentry","category-destacadas","category-estatal","tag-destacadas","tag-estatal"],"jetpack_featured_media_url":"https:\/\/rnoticias.com.mx\/Portal\/wp-content\/uploads\/2025\/06\/67.jpg","amp_enabled":true,"_links":{"self":[{"href":"https:\/\/rnoticias.com.mx\/Portal\/wp-json\/wp\/v2\/posts\/221867","targetHints":{"allow":["GET"]}}],"collection":[{"href":"https:\/\/rnoticias.com.mx\/Portal\/wp-json\/wp\/v2\/posts"}],"about":[{"href":"https:\/\/rnoticias.com.mx\/Portal\/wp-json\/wp\/v2\/types\/post"}],"author":[{"embeddable":true,"href":"https:\/\/rnoticias.com.mx\/Portal\/wp-json\/wp\/v2\/users\/2"}],"replies":[{"embeddable":true,"href":"https:\/\/rnoticias.com.mx\/Portal\/wp-json\/wp\/v2\/comments?post=221867"}],"version-history":[{"count":1,"href":"https:\/\/rnoticias.com.mx\/Portal\/wp-json\/wp\/v2\/posts\/221867\/revisions"}],"predecessor-version":[{"id":221869,"href":"https:\/\/rnoticias.com.mx\/Portal\/wp-json\/wp\/v2\/posts\/221867\/revisions\/221869"}],"wp:featuredmedia":[{"embeddable":true,"href":"https:\/\/rnoticias.com.mx\/Portal\/wp-json\/wp\/v2\/media\/221868"}],"wp:attachment":[{"href":"https:\/\/rnoticias.com.mx\/Portal\/wp-json\/wp\/v2\/media?parent=221867"}],"wp:term":[{"taxonomy":"category","embeddable":true,"href":"https:\/\/rnoticias.com.mx\/Portal\/wp-json\/wp\/v2\/categories?post=221867"},{"taxonomy":"post_tag","embeddable":true,"href":"https:\/\/rnoticias.com.mx\/Portal\/wp-json\/wp\/v2\/tags?post=221867"}],"curies":[{"name":"wp","href":"https:\/\/api.w.org\/{rel}","templated":true}]}}