{"id":221831,"date":"2025-06-17T20:31:22","date_gmt":"2025-06-18T03:31:22","guid":{"rendered":"https:\/\/rnoticias.com.mx\/Portal\/?p=221831"},"modified":"2025-06-17T20:31:22","modified_gmt":"2025-06-18T03:31:22","slug":"cdmx-va-contra-franeleros-proponen-arresto-de-36-h","status":"publish","type":"post","link":"https:\/\/rnoticias.com.mx\/Portal\/2025\/06\/17\/cdmx-va-contra-franeleros-proponen-arresto-de-36-h\/","title":{"rendered":"CDMX va contra franeleros; proponen arresto de 36 h"},"content":{"rendered":"<p>Los franeleros en la CDMX podr\u00edan hacerse acreedores a un arresto inconmutable de 36 h.<\/p>\n<div class=\"jeg_ad jeg_ad_article jnews_content_inline_ads  \"><\/div>\n<p>La jefa de Gobierno, Clara Brugada, presentar\u00e1 en el Congreso capitalino una iniciativa de reforma a la Ley de Cultura C\u00edvica.<\/p>\n<p>El objetivo es atender el fen\u00f3meno que afecta la vida cotidiana de miles de personas en la Ciudad de M\u00e9xico, por el uso indebido del espacio p\u00fablico por parte de quienes ejercen actividades de apartados de lugares en la v\u00eda p\u00fablica\u201d, se\u00f1al\u00f3 en conferencia de prensa.<\/p>\n<p>Brugada destac\u00f3 que \u201cel espacio p\u00fablico es un derecho, no una mercanc\u00eda ni un privilegio\u201d, de ah\u00ed que en la CDMX se vayan a elevar las sanciones contra los denominados franeleros.<\/p>\n<p>Tambi\u00e9n llamados \u2018viene viene\u2019, son personas que se dedican a apartar lugares para estacionarse en la calle, por los cuales cobran tarifas de manera arbitraria.<\/p>\n<p>Se ha documentado que recurren a la intimidaci\u00f3n para obligar a los automovilistas a pagarles el lugar de estacionamiento y el supuestamente cuidar del veh\u00edculo en cuesti\u00f3n.<\/p>\n<p>En caso de negarse, pueden agredir al automovilista o causar da\u00f1os al veh\u00edculo.<\/p>\n<p>Sanciones a franeleros en CDMX<\/p>\n<p>Actualmente, la CDMX sanciona la actividad de los franeleros con una multa de 11 a 40 Unidades de Medida y Actualizaci\u00f3n (UMA), equivalentes a entre mil 141 y 4 mil 149 pesos.<\/p>\n","protected":false},"excerpt":{"rendered":"<p>Los franeleros en la CDMX podr\u00edan hacerse acreedores a un arresto inconmutable de 36 h. La jefa de Gobierno, Clara Brugada, presentar\u00e1 en el Congreso capitalino una iniciativa de reforma a la Ley de Cultura C\u00edvica. El objetivo es atender el fen\u00f3meno que afecta la vida cotidiana de miles de personas en la Ciudad de [&hellip;]<\/p>\n","protected":false},"author":2,"featured_media":221832,"comment_status":"closed","ping_status":"closed","sticky":false,"template":"","format":"standard","meta":{"footnotes":""},"categories":[12870,172],"tags":[12865,12874],"class_list":["post-221831","post","type-post","status-publish","format-standard","has-post-thumbnail","hentry","category-destacadas","category-nacional","tag-destacadas","tag-nacional"],"jetpack_featured_media_url":"https:\/\/rnoticias.com.mx\/Portal\/wp-content\/uploads\/2025\/06\/morena-cdmx-iniciativa-contra-franeleros-viene-viene-arresto-36-horas.webp","amp_enabled":true,"_links":{"self":[{"href":"https:\/\/rnoticias.com.mx\/Portal\/wp-json\/wp\/v2\/posts\/221831","targetHints":{"allow":["GET"]}}],"collection":[{"href":"https:\/\/rnoticias.com.mx\/Portal\/wp-json\/wp\/v2\/posts"}],"about":[{"href":"https:\/\/rnoticias.com.mx\/Portal\/wp-json\/wp\/v2\/types\/post"}],"author":[{"embeddable":true,"href":"https:\/\/rnoticias.com.mx\/Portal\/wp-json\/wp\/v2\/users\/2"}],"replies":[{"embeddable":true,"href":"https:\/\/rnoticias.com.mx\/Portal\/wp-json\/wp\/v2\/comments?post=221831"}],"version-history":[{"count":1,"href":"https:\/\/rnoticias.com.mx\/Portal\/wp-json\/wp\/v2\/posts\/221831\/revisions"}],"predecessor-version":[{"id":221833,"href":"https:\/\/rnoticias.com.mx\/Portal\/wp-json\/wp\/v2\/posts\/221831\/revisions\/221833"}],"wp:featuredmedia":[{"embeddable":true,"href":"https:\/\/rnoticias.com.mx\/Portal\/wp-json\/wp\/v2\/media\/221832"}],"wp:attachment":[{"href":"https:\/\/rnoticias.com.mx\/Portal\/wp-json\/wp\/v2\/media?parent=221831"}],"wp:term":[{"taxonomy":"category","embeddable":true,"href":"https:\/\/rnoticias.com.mx\/Portal\/wp-json\/wp\/v2\/categories?post=221831"},{"taxonomy":"post_tag","embeddable":true,"href":"https:\/\/rnoticias.com.mx\/Portal\/wp-json\/wp\/v2\/tags?post=221831"}],"curies":[{"name":"wp","href":"https:\/\/api.w.org\/{rel}","templated":true}]}}