{"id":221828,"date":"2025-06-17T20:30:03","date_gmt":"2025-06-18T03:30:03","guid":{"rendered":"https:\/\/rnoticias.com.mx\/Portal\/?p=221828"},"modified":"2025-06-17T20:30:03","modified_gmt":"2025-06-18T03:30:03","slug":"alejandro-sanz-responde-a-senalamientos-negativos-de-una-fan","status":"publish","type":"post","link":"https:\/\/rnoticias.com.mx\/Portal\/2025\/06\/17\/alejandro-sanz-responde-a-senalamientos-negativos-de-una-fan\/","title":{"rendered":"Alejandro Sanz responde a se\u00f1alamientos negativos de una fan"},"content":{"rendered":"<p>Alejandro Sanz respondi\u00f3 a los se\u00f1alamientos que este lunes hizo en su contra una fan espa\u00f1ola llamada Ivet Play\u00e0, quien lo acusa p\u00fablicamente de haber mantenido con ella,\u00a0<strong>siendo fan y mucho menor que \u00e9l, una relaci\u00f3n que califica como moral y humanamente inaceptable.<\/strong><\/p>\n<p>La joven, quien hizo su denuncia a trav\u00e9s de un video en redes sociales, cont\u00f3 que intim\u00f3 con \u00e9l por la admiraci\u00f3n que sent\u00eda, pero que, supuestamente, el espa\u00f1ol\u00a0<strong><em>\u201cjug\u00f3 con sus sue\u00f1os\u201d.<\/em><\/strong><\/p>\n<p>Ivet relata sentirse manipulada, utilizada, enga\u00f1ada y emocionalmente da\u00f1ada, y acusa al cantante de aprovecharse de su posici\u00f3n de poder y de cruzar l\u00edmites morales y emocionales.<\/p>\n<div id=\"eldia-698433252\" class=\"eldia-contenido eldia-target\" data-eldia-trackid=\"1573641\" data-eldia-trackbid=\"1\"><\/div>\n<div id=\"eldia-697593955\" class=\"eldia-contenido-2 eldia-target\" data-eldia-trackid=\"1765657\" data-eldia-trackbid=\"1\"><\/div>\n<p><strong>El cantante de 56 a\u00f1os, a trav\u00e9s de un mensaje en su cuenta de Instagram admite que ten\u00eda un recuerdo muy bonito de esta fan llamada Ivet, y sin dar detalles, acepta que ambos, como personas adultas, compartieron cari\u00f1o siendo libres, y lamenta que ese sentimiento se haya roto.<\/strong><\/p>\n<p><strong><em>\u201cIvet, yo ten\u00eda un recuerdo muy bonito de nosotros dos, personas adultas compartiendo su cari\u00f1o, siendo libres, qu\u00e9 pena que este sentimiento se haya roto ahora\u201d.<\/em><\/strong><\/p>\n<p>Sanz revela que en mayo, la joven le ofreci\u00f3 invertir en unos negocios de su familia, petici\u00f3n a la que se neg\u00f3 el int\u00e9rprete, por lo que cree que lo revelado por Ivet es una reacci\u00f3n a su negativa, y deja claro que no es part\u00edcipe de\u00a0<strong><em>\u201cestas pr\u00e1cticas\u201d.<\/em><\/strong><\/p>\n<div class=\"stream-item stream-item-in-post stream-item-inline-post aligncenter\">\n<div class=\"stream-item-size\"><\/div>\n<\/div>\n<p><strong><em>\u201cEn el mes de mayo me ofreciste participar en invertir en unos negocios familiares tuyos, tras revisarlo con mis asesores te dije que no. Siento que tu reacci\u00f3n sea esta, pero quiero que sepas que nunca he sido participe de estas pr\u00e1cticas y as\u00ed seguir\u00e9 toda mi vida.<\/em><\/strong><\/p>\n<p>Finalmente, Sanz dijo que deseaba que la joven encontrara su camino y su felicidad.<\/p>\n<p><strong><em>\u201cTe deseo encuentres pronto tu camino y felicidad\u201d,<\/em><\/strong>\u00a0se lee.<\/p>\n<p>&nbsp;<\/p>\n<p>El Universal<\/p>\n","protected":false},"excerpt":{"rendered":"<p>Alejandro Sanz respondi\u00f3 a los se\u00f1alamientos que este lunes hizo en su contra una fan espa\u00f1ola llamada Ivet Play\u00e0, quien lo acusa p\u00fablicamente de haber mantenido con ella,\u00a0siendo fan y mucho menor que \u00e9l, una relaci\u00f3n que califica como moral y humanamente inaceptable. La joven, quien hizo su denuncia a trav\u00e9s de un video en [&hellip;]<\/p>\n","protected":false},"author":2,"featured_media":221829,"comment_status":"closed","ping_status":"closed","sticky":false,"template":"","format":"standard","meta":{"footnotes":""},"categories":[12870,219],"tags":[12865,12875],"class_list":["post-221828","post","type-post","status-publish","format-standard","has-post-thumbnail","hentry","category-destacadas","category-espectaculos","tag-destacadas","tag-espectaculos"],"jetpack_featured_media_url":"https:\/\/rnoticias.com.mx\/Portal\/wp-content\/uploads\/2025\/06\/IMG_20250617_160145_1024_x_768_pixel-1-750x563-1.jpg","amp_enabled":true,"_links":{"self":[{"href":"https:\/\/rnoticias.com.mx\/Portal\/wp-json\/wp\/v2\/posts\/221828","targetHints":{"allow":["GET"]}}],"collection":[{"href":"https:\/\/rnoticias.com.mx\/Portal\/wp-json\/wp\/v2\/posts"}],"about":[{"href":"https:\/\/rnoticias.com.mx\/Portal\/wp-json\/wp\/v2\/types\/post"}],"author":[{"embeddable":true,"href":"https:\/\/rnoticias.com.mx\/Portal\/wp-json\/wp\/v2\/users\/2"}],"replies":[{"embeddable":true,"href":"https:\/\/rnoticias.com.mx\/Portal\/wp-json\/wp\/v2\/comments?post=221828"}],"version-history":[{"count":1,"href":"https:\/\/rnoticias.com.mx\/Portal\/wp-json\/wp\/v2\/posts\/221828\/revisions"}],"predecessor-version":[{"id":221830,"href":"https:\/\/rnoticias.com.mx\/Portal\/wp-json\/wp\/v2\/posts\/221828\/revisions\/221830"}],"wp:featuredmedia":[{"embeddable":true,"href":"https:\/\/rnoticias.com.mx\/Portal\/wp-json\/wp\/v2\/media\/221829"}],"wp:attachment":[{"href":"https:\/\/rnoticias.com.mx\/Portal\/wp-json\/wp\/v2\/media?parent=221828"}],"wp:term":[{"taxonomy":"category","embeddable":true,"href":"https:\/\/rnoticias.com.mx\/Portal\/wp-json\/wp\/v2\/categories?post=221828"},{"taxonomy":"post_tag","embeddable":true,"href":"https:\/\/rnoticias.com.mx\/Portal\/wp-json\/wp\/v2\/tags?post=221828"}],"curies":[{"name":"wp","href":"https:\/\/api.w.org\/{rel}","templated":true}]}}