{"id":221825,"date":"2025-06-17T20:22:28","date_gmt":"2025-06-18T03:22:28","guid":{"rendered":"https:\/\/rnoticias.com.mx\/Portal\/?p=221825"},"modified":"2025-06-17T20:22:28","modified_gmt":"2025-06-18T03:22:28","slug":"realizan-toma-de-protesta-y-entregan-nombramientos-a-nuevos-funcionarios-universitarios","status":"publish","type":"post","link":"https:\/\/rnoticias.com.mx\/Portal\/2025\/06\/17\/realizan-toma-de-protesta-y-entregan-nombramientos-a-nuevos-funcionarios-universitarios\/","title":{"rendered":"Realizan toma de protesta y entregan nombramientos a nuevos funcionarios universitarios"},"content":{"rendered":"<p>La rectora de la Universidad de Sonora, Dena Mar\u00eda Camarena G\u00f3mez, entreg\u00f3\u00a0 nombramiento a los funcionarios que integrar\u00e1n su equipo de trabajo para el per\u00edodo comprendido del 16 de junio de 2025 al 15 de junio de 2030, y les tom\u00f3 la protesta correspondiente en evento realizado en la Sala de Juntas de Rector\u00eda.<\/p>\n<p>Como parte de lo anterior, se llev\u00f3 a cabo el acto protocolario de entrega-recepci\u00f3n de las diversas \u00e1reas directivas a cargo de la titular del \u00d3rgano Interno de Control, Ver\u00f3nica Mar\u00eda Montenegro Portillo, quien dio lectura a las actas correspondientes en las que se detallan aspectos sobre recursos humanos, materiales y financieros con los que cuenta cada direcci\u00f3n, as\u00ed como asuntos en tr\u00e1mite, acuerdos y convenios, adquisiciones y servicios, e informes especiales, por citar algunos.<\/p>\n<p>La rectora Camarena G\u00f3mez reconoci\u00f3 el trabajo de los funcionarios salientes quienes, dijo, dejan una Universidad s\u00f3lida, y aprovech\u00f3 para agradecer a la comunidad universitaria en general.<\/p>\n<p>\u201cYo les quiero agradecer esa confianza que me han dado al ser electa en este primer proceso de democratizaci\u00f3n de la Universidad de Sonora y, para m\u00ed, es un gran honor y una gran responsabilidad que asumo con gran compromiso, y con el reto de seguir haciendo crecer a nuestra Universidad de Sonora\u201d, apunt\u00f3.<\/p>\n<p>El equipo de trabajo de la actual administraci\u00f3n universitaria estar\u00e1 integrado por Benjam\u00edn Burgos Flores, como secretario de Rector\u00eda; Rafael Ram\u00edrez Villaescusa, como responsable de la Oficina de la Abogac\u00eda General; y Juan Carlos Mart\u00ednez Verdugo, como tesorero general; mientras que Claudia Mar\u00eda Ortega Bare\u00f1o fungir\u00e1 como contralora general.<\/p>\n<p>Denisse Mercedes Romero Valenzuela se encargar\u00e1 de la Direcci\u00f3n de Programas Estrat\u00e9gicos y Proyecci\u00f3n Universitaria; Karla Mercedes L\u00f3pez Montes estar\u00e1 a cargo de la Direcci\u00f3n de Planeaci\u00f3n y Evaluaci\u00f3n; y Jes\u00fas Moreno Durazo se desempe\u00f1ar\u00e1 como director de Comunicaci\u00f3n.<\/p>\n<p>Asimismo, Enrique Bolado Mart\u00ednez encabezar\u00e1 la Secretar\u00eda General Acad\u00e9mica; Jes\u00fas Adolfo Minj\u00e1rez Sosa ser\u00e1 titular de la Direcci\u00f3n de Apoyo a Docentes, Investigaci\u00f3n y Posgrado; Blanca Fraijo Sing, fue ratificada en la Direcci\u00f3n de Apoyo a Programas Educativos; Jessica Yvette Coronado Verdugo, asumir\u00e1 la Direcci\u00f3n de Apoyo a Estudiantes; y Joel Enrique Espejel Blanco presidir\u00e1 la Direcci\u00f3n de Apoyo a la Vinculaci\u00f3n y Extensi\u00f3n.<\/p>\n<p>Completan el equipo administrativo Guillermo Cuamea Cruz al frente de la Secretar\u00eda General Administrativa; Milka del Carmen Acosta Enr\u00edquez, como directora de Servicios Escolares; Gema Karina Ibarra Tor\u00faa, como directora de Infraestructura y Adquisiciones; David Humberto Col\u00edn Guti\u00e9rrez, al frente de la Direcci\u00f3n de Tecnolog\u00edas de la Informaci\u00f3n; y Alma Teresita del Ni\u00f1o Jes\u00fas Velarde Mend\u00edvil, en la Direcci\u00f3n de Recursos Humanos.<\/p>\n<p>&nbsp;<\/p>\n","protected":false},"excerpt":{"rendered":"<p>La rectora de la Universidad de Sonora, Dena Mar\u00eda Camarena G\u00f3mez, entreg\u00f3\u00a0 nombramiento a los funcionarios que integrar\u00e1n su equipo de trabajo para el per\u00edodo comprendido del 16 de junio de 2025 al 15 de junio de 2030, y les tom\u00f3 la protesta correspondiente en evento realizado en la Sala de Juntas de Rector\u00eda. Como [&hellip;]<\/p>\n","protected":false},"author":2,"featured_media":221826,"comment_status":"closed","ping_status":"closed","sticky":false,"template":"","format":"standard","meta":{"footnotes":""},"categories":[12870,178],"tags":[12865,12869],"class_list":["post-221825","post","type-post","status-publish","format-standard","has-post-thumbnail","hentry","category-destacadas","category-local","tag-destacadas","tag-local"],"jetpack_featured_media_url":"https:\/\/rnoticias.com.mx\/Portal\/wp-content\/uploads\/2025\/06\/Protesta-equipo-administrativo-2025-2030-2.jpg","amp_enabled":true,"_links":{"self":[{"href":"https:\/\/rnoticias.com.mx\/Portal\/wp-json\/wp\/v2\/posts\/221825","targetHints":{"allow":["GET"]}}],"collection":[{"href":"https:\/\/rnoticias.com.mx\/Portal\/wp-json\/wp\/v2\/posts"}],"about":[{"href":"https:\/\/rnoticias.com.mx\/Portal\/wp-json\/wp\/v2\/types\/post"}],"author":[{"embeddable":true,"href":"https:\/\/rnoticias.com.mx\/Portal\/wp-json\/wp\/v2\/users\/2"}],"replies":[{"embeddable":true,"href":"https:\/\/rnoticias.com.mx\/Portal\/wp-json\/wp\/v2\/comments?post=221825"}],"version-history":[{"count":1,"href":"https:\/\/rnoticias.com.mx\/Portal\/wp-json\/wp\/v2\/posts\/221825\/revisions"}],"predecessor-version":[{"id":221827,"href":"https:\/\/rnoticias.com.mx\/Portal\/wp-json\/wp\/v2\/posts\/221825\/revisions\/221827"}],"wp:featuredmedia":[{"embeddable":true,"href":"https:\/\/rnoticias.com.mx\/Portal\/wp-json\/wp\/v2\/media\/221826"}],"wp:attachment":[{"href":"https:\/\/rnoticias.com.mx\/Portal\/wp-json\/wp\/v2\/media?parent=221825"}],"wp:term":[{"taxonomy":"category","embeddable":true,"href":"https:\/\/rnoticias.com.mx\/Portal\/wp-json\/wp\/v2\/categories?post=221825"},{"taxonomy":"post_tag","embeddable":true,"href":"https:\/\/rnoticias.com.mx\/Portal\/wp-json\/wp\/v2\/tags?post=221825"}],"curies":[{"name":"wp","href":"https:\/\/api.w.org\/{rel}","templated":true}]}}