{"id":221810,"date":"2025-06-17T17:31:45","date_gmt":"2025-06-18T00:31:45","guid":{"rendered":"https:\/\/rnoticias.com.mx\/Portal\/?p=221810"},"modified":"2025-06-17T17:31:45","modified_gmt":"2025-06-18T00:31:45","slug":"gobernador-durazo-posiciona-a-sonora-en-el-top-10-nacional-de-mayor-crecimiento-industrial","status":"publish","type":"post","link":"https:\/\/rnoticias.com.mx\/Portal\/2025\/06\/17\/gobernador-durazo-posiciona-a-sonora-en-el-top-10-nacional-de-mayor-crecimiento-industrial\/","title":{"rendered":"Gobernador Durazo posiciona a Sonora en el top 10 nacional de mayor crecimiento industrial"},"content":{"rendered":"<p>Hermosillo, Sonora; 17 de junio de 2025.- Con un crecimiento del 9.1 por ciento anual en generaci\u00f3n, transmisi\u00f3n, distribuci\u00f3n y comercializaci\u00f3n de energ\u00eda el\u00e9ctrica, suministro de agua y de gas natural, el gobernador Alfonso Durazo Monta\u00f1o consolida a Sonora como modelo de desarrollo energ\u00e9tico en el pa\u00eds, coloc\u00e1ndose en el top 10 de los estados con mayor actividad industrial en M\u00e9xico.<\/p>\n<p>El jefe del Ejecutivo estatal subray\u00f3 que, en febrero de 2025, Sonora se ubic\u00f3 en el lugar siete entre las entidades con m\u00e1s desarrollo en su industria, fortaleciendo la econom\u00eda y la generaci\u00f3n de mejores oportunidades de empleo, de acuerdo con el Indicador Mensual de la Actividad Industrial por Entidad Federativa (IMAIEF) del Instituto Nacional de Estad\u00edstica y Geograf\u00eda (INEGI).<\/p>\n<p>\u201cEste logro es resultado de los esfuerzos y trabajo conjunto por la transformaci\u00f3n de Sonora, para seguir construyendo un estado fuerte y competitivo\u201d, se\u00f1al\u00f3 el gobernador Alfonso Durazo Monta\u00f1o.<\/p>\n<p>Adem\u00e1s, el gobernador Durazo destac\u00f3 el incremento del 2.8 por ciento en la actividad minera, lo que coloca al estado en el puesto 13 a nivel nacional, reafirmando su compromiso con las potenciales industrias de la regi\u00f3n que se traduce en el bienestar de las familias sonorenses.<\/p>\n<p>Los datos arrojados por el INEGI muestran un incremento adicional en la construcci\u00f3n, logrando un aumento del 0.4 por ciento en este rubro. Con este resultado, Sonora mantiene su lugar en el marco de referencia econ\u00f3mico a nivel nacional con apoyo a los sectores industriales del estado.<\/p>\n","protected":false},"excerpt":{"rendered":"<p>Hermosillo, Sonora; 17 de junio de 2025.- Con un crecimiento del 9.1 por ciento anual en generaci\u00f3n, transmisi\u00f3n, distribuci\u00f3n y comercializaci\u00f3n de energ\u00eda el\u00e9ctrica, suministro de agua y de gas natural, el gobernador Alfonso Durazo Monta\u00f1o consolida a Sonora como modelo de desarrollo energ\u00e9tico en el pa\u00eds, coloc\u00e1ndose en el top 10 de los estados [&hellip;]<\/p>\n","protected":false},"author":2,"featured_media":221811,"comment_status":"closed","ping_status":"closed","sticky":false,"template":"","format":"standard","meta":{"footnotes":""},"categories":[12870,178],"tags":[12865,12869],"class_list":["post-221810","post","type-post","status-publish","format-standard","has-post-thumbnail","hentry","category-destacadas","category-local","tag-destacadas","tag-local"],"jetpack_featured_media_url":"https:\/\/rnoticias.com.mx\/Portal\/wp-content\/uploads\/2025\/06\/unnamed-76.jpg","amp_enabled":true,"_links":{"self":[{"href":"https:\/\/rnoticias.com.mx\/Portal\/wp-json\/wp\/v2\/posts\/221810","targetHints":{"allow":["GET"]}}],"collection":[{"href":"https:\/\/rnoticias.com.mx\/Portal\/wp-json\/wp\/v2\/posts"}],"about":[{"href":"https:\/\/rnoticias.com.mx\/Portal\/wp-json\/wp\/v2\/types\/post"}],"author":[{"embeddable":true,"href":"https:\/\/rnoticias.com.mx\/Portal\/wp-json\/wp\/v2\/users\/2"}],"replies":[{"embeddable":true,"href":"https:\/\/rnoticias.com.mx\/Portal\/wp-json\/wp\/v2\/comments?post=221810"}],"version-history":[{"count":1,"href":"https:\/\/rnoticias.com.mx\/Portal\/wp-json\/wp\/v2\/posts\/221810\/revisions"}],"predecessor-version":[{"id":221812,"href":"https:\/\/rnoticias.com.mx\/Portal\/wp-json\/wp\/v2\/posts\/221810\/revisions\/221812"}],"wp:featuredmedia":[{"embeddable":true,"href":"https:\/\/rnoticias.com.mx\/Portal\/wp-json\/wp\/v2\/media\/221811"}],"wp:attachment":[{"href":"https:\/\/rnoticias.com.mx\/Portal\/wp-json\/wp\/v2\/media?parent=221810"}],"wp:term":[{"taxonomy":"category","embeddable":true,"href":"https:\/\/rnoticias.com.mx\/Portal\/wp-json\/wp\/v2\/categories?post=221810"},{"taxonomy":"post_tag","embeddable":true,"href":"https:\/\/rnoticias.com.mx\/Portal\/wp-json\/wp\/v2\/tags?post=221810"}],"curies":[{"name":"wp","href":"https:\/\/api.w.org\/{rel}","templated":true}]}}