{"id":221804,"date":"2025-06-17T17:20:01","date_gmt":"2025-06-18T00:20:01","guid":{"rendered":"https:\/\/rnoticias.com.mx\/Portal\/?p=221804"},"modified":"2025-06-17T17:20:01","modified_gmt":"2025-06-18T00:20:01","slug":"cazzu-confiesa-que-no-tenia-planes-de-ser-mama-pero-se-enamoro","status":"publish","type":"post","link":"https:\/\/rnoticias.com.mx\/Portal\/2025\/06\/17\/cazzu-confiesa-que-no-tenia-planes-de-ser-mama-pero-se-enamoro\/","title":{"rendered":"Cazzu confiesa que no ten\u00eda planes de ser mam\u00e1, pero se enamor\u00f3"},"content":{"rendered":"<p>El Universal<\/p>\n<p>&nbsp;<\/p>\n<p>Cazzu reconoce que, en sus planes, nunca prioriz\u00f3 el convertirse en madre; sin embargo, cuando se enamor\u00f3 de Christian Nodal esa postura cambi\u00f3 por completo y, a cuatro meses de convertirse en novios, se embaraz\u00f3 de Inti.<\/p>\n<p><strong>En el programa argentino \u201cPatria y familia\u201d, Cazzu habl\u00f3 de la maternidad y lo fascinada que se encuentra de ser madre, pese a que, a lo largo de su vida, nunca fue un deseo presente.<\/strong><\/p>\n<p>Por ello, la cantante consider\u00f3 que, quiz\u00e1, se trataba de un anhelo inconsciente que la acompa\u00f1\u00f3 siempre, sin que lo advirtiese.<\/p>\n<div id=\"eldia-3988634108\" class=\"eldia-contenido eldia-target\" data-eldia-trackid=\"1573641\" data-eldia-trackbid=\"1\"><\/div>\n<div id=\"eldia-2685063664\" class=\"eldia-contenido-2 eldia-target\" data-eldia-trackid=\"1765657\" data-eldia-trackbid=\"1\"><\/div>\n<p><strong><em>\u201cMe encanta ser mam\u00e1, el otro d\u00eda lo habl\u00e9 con mi psic\u00f3logo, le dije: para m\u00ed, esto era un proyecto oculto que yo ten\u00eda en mi interior\u201d,<\/em><\/strong>\u00a0dijo.<\/p>\n<p>Tampoco es que estuviera negada a la posibilidad, pero en ning\u00fan momento lo vio como un objetivo prioritario, olvid\u00e1ndose hasta de que, para tales efectos, necesitaba de una pareja para concebirlo.<\/p>\n<p><strong><em>\u201cYo sent\u00eda que en alg\u00fan momento, capaz, iba a ser mam\u00e1 pero no sab\u00eda c\u00f3mo, ni nunca me acordaba que ten\u00eda que haber otra parte para serlo\u201d.<\/em><\/strong><\/p>\n<div class=\"stream-item stream-item-in-post stream-item-inline-post aligncenter\">\n<div class=\"stream-item-size\"><\/div>\n<\/div>\n<p>Reconoci\u00f3 que, cuando se enter\u00f3 que esperaba a Inti, fue toda una sorpresa para ella, ya que es muy cuidadosa con todo lo que tiene que ver con su vida.<\/p>\n<p><strong><em>\u201cSoy muy responsable con mis cosas, no improviso tanto y, de repente, estuve cuatro meses de novia y me qued\u00e9 embarazada\u201d.<\/em><\/strong><\/p>\n<p>Al enterarse de su estado, Cazzu no lo dud\u00f3 ni dos veces y, desde ese momento, esper\u00f3 extasiada la llegada de Inti, pues el gran amor que sent\u00eda por Nodal, en ese momento, la impuls\u00f3 a que dieran la bienvenida a un beb\u00e9 en com\u00fan.<\/p>\n<p><strong><em>\u201cDe repente me enamor\u00e9 y, bueno\u2026, en ese momento son\u00f3 bien\u201d<\/em><\/strong>, precis\u00f3.<\/p>\n<p>Adem\u00e1s, cont\u00f3 que, a poco m\u00e1s de tres meses de que Inti cumpla su segundo a\u00f1o de vida, ya se encuentra en los preparativos de su festejo.<\/p>\n<p>Finalmente, describi\u00f3 a la peque\u00f1a como un ser humano \u201cespectacular\u201d que, a pesar de que su corta edad, tiene una personalidad que, a sus conocidos sin hijos, les ha despertado el deseo de convertirse en padres o madres.<\/p>\n<p><strong><em>\u201cInti\u2026 ella es espectacular, Inti se porta muy bien, le copa a la gente, es re social, media chistosa, la gente la mira a Inti y tengo muchos amigos que no tienen hijos, despierta ese deseo\u201d.<\/em><\/strong><\/p>\n","protected":false},"excerpt":{"rendered":"<p>El Universal &nbsp; Cazzu reconoce que, en sus planes, nunca prioriz\u00f3 el convertirse en madre; sin embargo, cuando se enamor\u00f3 de Christian Nodal esa postura cambi\u00f3 por completo y, a cuatro meses de convertirse en novios, se embaraz\u00f3 de Inti. En el programa argentino \u201cPatria y familia\u201d, Cazzu habl\u00f3 de la maternidad y lo fascinada [&hellip;]<\/p>\n","protected":false},"author":2,"featured_media":221805,"comment_status":"closed","ping_status":"closed","sticky":false,"template":"","format":"standard","meta":{"footnotes":""},"categories":[12870,219],"tags":[12865,12875],"class_list":["post-221804","post","type-post","status-publish","format-standard","has-post-thumbnail","hentry","category-destacadas","category-espectaculos","tag-destacadas","tag-espectaculos"],"jetpack_featured_media_url":"https:\/\/rnoticias.com.mx\/Portal\/wp-content\/uploads\/2025\/06\/descarga-9.jpg","amp_enabled":true,"_links":{"self":[{"href":"https:\/\/rnoticias.com.mx\/Portal\/wp-json\/wp\/v2\/posts\/221804","targetHints":{"allow":["GET"]}}],"collection":[{"href":"https:\/\/rnoticias.com.mx\/Portal\/wp-json\/wp\/v2\/posts"}],"about":[{"href":"https:\/\/rnoticias.com.mx\/Portal\/wp-json\/wp\/v2\/types\/post"}],"author":[{"embeddable":true,"href":"https:\/\/rnoticias.com.mx\/Portal\/wp-json\/wp\/v2\/users\/2"}],"replies":[{"embeddable":true,"href":"https:\/\/rnoticias.com.mx\/Portal\/wp-json\/wp\/v2\/comments?post=221804"}],"version-history":[{"count":1,"href":"https:\/\/rnoticias.com.mx\/Portal\/wp-json\/wp\/v2\/posts\/221804\/revisions"}],"predecessor-version":[{"id":221806,"href":"https:\/\/rnoticias.com.mx\/Portal\/wp-json\/wp\/v2\/posts\/221804\/revisions\/221806"}],"wp:featuredmedia":[{"embeddable":true,"href":"https:\/\/rnoticias.com.mx\/Portal\/wp-json\/wp\/v2\/media\/221805"}],"wp:attachment":[{"href":"https:\/\/rnoticias.com.mx\/Portal\/wp-json\/wp\/v2\/media?parent=221804"}],"wp:term":[{"taxonomy":"category","embeddable":true,"href":"https:\/\/rnoticias.com.mx\/Portal\/wp-json\/wp\/v2\/categories?post=221804"},{"taxonomy":"post_tag","embeddable":true,"href":"https:\/\/rnoticias.com.mx\/Portal\/wp-json\/wp\/v2\/tags?post=221804"}],"curies":[{"name":"wp","href":"https:\/\/api.w.org\/{rel}","templated":true}]}}