{"id":221801,"date":"2025-06-17T17:17:23","date_gmt":"2025-06-18T00:17:23","guid":{"rendered":"https:\/\/rnoticias.com.mx\/Portal\/?p=221801"},"modified":"2025-06-17T17:17:23","modified_gmt":"2025-06-18T00:17:23","slug":"promueve-gobierno-de-sonora-cultura-de-respeto-a-personas-mayores-en-centros-de-reinsercion-isaam","status":"publish","type":"post","link":"https:\/\/rnoticias.com.mx\/Portal\/2025\/06\/17\/promueve-gobierno-de-sonora-cultura-de-respeto-a-personas-mayores-en-centros-de-reinsercion-isaam\/","title":{"rendered":"Promueve Gobierno de Sonora cultura de respeto a personas mayores en centros de reinserci\u00f3n: ISAAM"},"content":{"rendered":"<p align=\"left\">Hermosillo, Sonora; 17 de junio de 2025.- Con el firme compromiso de rescatar la cultura del respeto a la poblaci\u00f3n adulta mayor y favorecer un envejecimiento digno, el Instituto Sonorense para la Atenci\u00f3n de los Adultos Mayores (ISAAM) realiz\u00f3 dos conversatorios sobre el edadismo, en el marco del D\u00eda Mundial de Toma de Conciencia del Abuso y Maltrato en la Vejez, en las \u00e1reas femenil y varonil del Centro de Reinserci\u00f3n Social (Cereso) Hermosillo I.<\/p>\n<p align=\"left\">\n<p align=\"left\">Aproximadamente 40 mujeres y 120 hombres privados de la libertad participaron en estos conversatorios, donde se abord\u00f3 el tema del edadismo, una forma de discriminaci\u00f3n basada en la edad de una persona. Las y los asistentes mostraron gran inter\u00e9s, destacando la importancia de fomentar la inclusi\u00f3n, promover oportunidades y la participaci\u00f3n activa de las personas adultas mayores en la sociedad.<\/p>\n<p align=\"left\">\n<p align=\"left\">El edadismo tiene graves consecuencias, como afectaciones en la salud f\u00edsica y mental, actitudes negativas respecto al envejecimiento, aislamiento social, menores niveles de autonom\u00eda y productividad; tambi\u00e9n genera comportamientos autolimitantes y aumenta el riesgo de abuso y violencia, entre otros efectos.<\/p>\n<p align=\"left\">\n<p align=\"left\">Gracias al compromiso del gobernador Alfonso Durazo, a trav\u00e9s del ISAAM se promueven acciones para prevenir el maltrato y abuso en la vejez, as\u00ed como para informar, educar y fomentar el respeto a los derechos de las personas adultas mayores, promoviendo su inclusi\u00f3n y participaci\u00f3n con personas de todas las edades.<\/p>\n<p align=\"left\">\n<p align=\"left\">Es fundamental reconocer y abordar el edadismo en la sociedad para promover la igualdad y el respeto a todas las personas, independientemente de su edad.<\/p>\n<p align=\"left\">\n<p align=\"left\">Si desea que este conversatorio se imparta en instituciones, dependencias, empresas o grupos, puede solicitarlo al tel\u00e9fono de ISAAM Hermosillo: (662) 651 2423.<\/p>\n","protected":false},"excerpt":{"rendered":"<p>Hermosillo, Sonora; 17 de junio de 2025.- Con el firme compromiso de rescatar la cultura del respeto a la poblaci\u00f3n adulta mayor y favorecer un envejecimiento digno, el Instituto Sonorense para la Atenci\u00f3n de los Adultos Mayores (ISAAM) realiz\u00f3 dos conversatorios sobre el edadismo, en el marco del D\u00eda Mundial de Toma de Conciencia del [&hellip;]<\/p>\n","protected":false},"author":2,"featured_media":221802,"comment_status":"closed","ping_status":"closed","sticky":false,"template":"","format":"standard","meta":{"footnotes":""},"categories":[178],"tags":[12869],"class_list":["post-221801","post","type-post","status-publish","format-standard","has-post-thumbnail","hentry","category-local","tag-local"],"jetpack_featured_media_url":"https:\/\/rnoticias.com.mx\/Portal\/wp-content\/uploads\/2025\/06\/892.jpg","amp_enabled":true,"_links":{"self":[{"href":"https:\/\/rnoticias.com.mx\/Portal\/wp-json\/wp\/v2\/posts\/221801","targetHints":{"allow":["GET"]}}],"collection":[{"href":"https:\/\/rnoticias.com.mx\/Portal\/wp-json\/wp\/v2\/posts"}],"about":[{"href":"https:\/\/rnoticias.com.mx\/Portal\/wp-json\/wp\/v2\/types\/post"}],"author":[{"embeddable":true,"href":"https:\/\/rnoticias.com.mx\/Portal\/wp-json\/wp\/v2\/users\/2"}],"replies":[{"embeddable":true,"href":"https:\/\/rnoticias.com.mx\/Portal\/wp-json\/wp\/v2\/comments?post=221801"}],"version-history":[{"count":1,"href":"https:\/\/rnoticias.com.mx\/Portal\/wp-json\/wp\/v2\/posts\/221801\/revisions"}],"predecessor-version":[{"id":221803,"href":"https:\/\/rnoticias.com.mx\/Portal\/wp-json\/wp\/v2\/posts\/221801\/revisions\/221803"}],"wp:featuredmedia":[{"embeddable":true,"href":"https:\/\/rnoticias.com.mx\/Portal\/wp-json\/wp\/v2\/media\/221802"}],"wp:attachment":[{"href":"https:\/\/rnoticias.com.mx\/Portal\/wp-json\/wp\/v2\/media?parent=221801"}],"wp:term":[{"taxonomy":"category","embeddable":true,"href":"https:\/\/rnoticias.com.mx\/Portal\/wp-json\/wp\/v2\/categories?post=221801"},{"taxonomy":"post_tag","embeddable":true,"href":"https:\/\/rnoticias.com.mx\/Portal\/wp-json\/wp\/v2\/tags?post=221801"}],"curies":[{"name":"wp","href":"https:\/\/api.w.org\/{rel}","templated":true}]}}