{"id":221788,"date":"2025-06-17T16:44:21","date_gmt":"2025-06-17T23:44:21","guid":{"rendered":"https:\/\/rnoticias.com.mx\/Portal\/?p=221788"},"modified":"2025-06-17T16:44:21","modified_gmt":"2025-06-17T23:44:21","slug":"canaco-hermosillo-reporta-solo-10-de-incremento-en-ventas-en-dia-del-padre","status":"publish","type":"post","link":"https:\/\/rnoticias.com.mx\/Portal\/2025\/06\/17\/canaco-hermosillo-reporta-solo-10-de-incremento-en-ventas-en-dia-del-padre\/","title":{"rendered":"Canaco Hermosillo reporta solo 10% de incremento en ventas en D\u00eda del Padre"},"content":{"rendered":"<p>La C\u00e1mara Nacional de Comercio (Canaco) en Hermosillo report\u00f3 un incremento de apenas el 10% en las ventas relacionadas con el D\u00eda del Padre, una cifra considerada baja en comparaci\u00f3n con otras fechas comerciales, inform\u00f3 Javier Moreno Dur\u00e1n, presidente de ese organismo.<\/p>\n<p>&nbsp;<\/p>\n<p>\u201cEst\u00e1n reportando un 10 por ciento de aumento en las ventas, de las ventas regulares, un 10 por ciento se incrementaron las ventas por el D\u00eda del Padre\u201d, coment\u00f3.<\/p>\n<p>&nbsp;<\/p>\n<p>A su vez se\u00f1al\u00f3 tambi\u00e9n que, pese a los esfuerzos de los comercios por atraer a los consumidores con promociones y descuentos, la derrama econ\u00f3mica fue limitada y este comportamiento contrasta con fechas como el D\u00eda de las Madres o el Buen Fin, en las que se registran aumentos mucho m\u00e1s significativos.<\/p>\n<p>&nbsp;<\/p>\n<p>Finalmente, Moreno Dur\u00e1n invit\u00f3 a nombre de Canaco Hermosillo a la sociedad en lo general, para continuar apoyando al comercio local y trabajar en conjunto para reactivar la econom\u00eda en fechas clave del calendario comercial.<\/p>\n","protected":false},"excerpt":{"rendered":"<p>La C\u00e1mara Nacional de Comercio (Canaco) en Hermosillo report\u00f3 un incremento de apenas el 10% en las ventas relacionadas con el D\u00eda del Padre, una cifra considerada baja en comparaci\u00f3n con otras fechas comerciales, inform\u00f3 Javier Moreno Dur\u00e1n, presidente de ese organismo. &nbsp; \u201cEst\u00e1n reportando un 10 por ciento de aumento en las ventas, de [&hellip;]<\/p>\n","protected":false},"author":2,"featured_media":221789,"comment_status":"closed","ping_status":"closed","sticky":false,"template":"","format":"standard","meta":{"footnotes":""},"categories":[12870,178],"tags":[12865,12869],"class_list":["post-221788","post","type-post","status-publish","format-standard","has-post-thumbnail","hentry","category-destacadas","category-local","tag-destacadas","tag-local"],"jetpack_featured_media_url":"https:\/\/rnoticias.com.mx\/Portal\/wp-content\/uploads\/2025\/06\/AA1Gw8RF.jpg","amp_enabled":true,"_links":{"self":[{"href":"https:\/\/rnoticias.com.mx\/Portal\/wp-json\/wp\/v2\/posts\/221788","targetHints":{"allow":["GET"]}}],"collection":[{"href":"https:\/\/rnoticias.com.mx\/Portal\/wp-json\/wp\/v2\/posts"}],"about":[{"href":"https:\/\/rnoticias.com.mx\/Portal\/wp-json\/wp\/v2\/types\/post"}],"author":[{"embeddable":true,"href":"https:\/\/rnoticias.com.mx\/Portal\/wp-json\/wp\/v2\/users\/2"}],"replies":[{"embeddable":true,"href":"https:\/\/rnoticias.com.mx\/Portal\/wp-json\/wp\/v2\/comments?post=221788"}],"version-history":[{"count":1,"href":"https:\/\/rnoticias.com.mx\/Portal\/wp-json\/wp\/v2\/posts\/221788\/revisions"}],"predecessor-version":[{"id":221790,"href":"https:\/\/rnoticias.com.mx\/Portal\/wp-json\/wp\/v2\/posts\/221788\/revisions\/221790"}],"wp:featuredmedia":[{"embeddable":true,"href":"https:\/\/rnoticias.com.mx\/Portal\/wp-json\/wp\/v2\/media\/221789"}],"wp:attachment":[{"href":"https:\/\/rnoticias.com.mx\/Portal\/wp-json\/wp\/v2\/media?parent=221788"}],"wp:term":[{"taxonomy":"category","embeddable":true,"href":"https:\/\/rnoticias.com.mx\/Portal\/wp-json\/wp\/v2\/categories?post=221788"},{"taxonomy":"post_tag","embeddable":true,"href":"https:\/\/rnoticias.com.mx\/Portal\/wp-json\/wp\/v2\/tags?post=221788"}],"curies":[{"name":"wp","href":"https:\/\/api.w.org\/{rel}","templated":true}]}}