{"id":221699,"date":"2025-06-16T20:14:21","date_gmt":"2025-06-17T03:14:21","guid":{"rendered":"https:\/\/rnoticias.com.mx\/Portal\/?p=221699"},"modified":"2025-06-16T20:14:21","modified_gmt":"2025-06-17T03:14:21","slug":"gobernador-durazo-reconoce-a-nueva-rectora-de-unison-refrenda-compromiso-con-la-transformacion-educativa","status":"publish","type":"post","link":"https:\/\/rnoticias.com.mx\/Portal\/2025\/06\/16\/gobernador-durazo-reconoce-a-nueva-rectora-de-unison-refrenda-compromiso-con-la-transformacion-educativa\/","title":{"rendered":"Gobernador Durazo reconoce a nueva rectora de Unison; refrenda compromiso con la transformaci\u00f3n educativa"},"content":{"rendered":"<p>Hermosillo, Sonora; 16 de junio de 2025.- El gobernador Alfonso Durazo Monta\u00f1o presidi\u00f3 la ceremonia de toma de protesta de la doctora Dena Mar\u00eda Jes\u00fas Camarena G\u00f3mez como nueva rectora de la Universidad de Sonora, en un acto que calific\u00f3 como hist\u00f3rico por ser el resultado de un proceso democr\u00e1tico que garantiza la autonom\u00eda y representa a toda la comunidad universitaria.<\/p>\n<p>Durante su mensaje, el mandatario estatal reconoci\u00f3 a la Universidad de Sonora como una instituci\u00f3n educativa de primer nivel, tanto en su comunidad acad\u00e9mica como estudiantil, y reiter\u00f3 que su gobierno seguir\u00e1 haciendo el mayor esfuerzo para brindar su respaldo total.<\/p>\n<p>&#8220;Estoy seguro que bajo la gesti\u00f3n de la doctora Camarena, la universidad continuar\u00e1 siendo un espacio de libertades, de innovaci\u00f3n y desarrollo. En tiempos en los que la deshumanizaci\u00f3n gana adeptos en otras latitudes, las universidades tienen una obligaci\u00f3n moral con la preservaci\u00f3n de los valores humanistas y universales. La universidad debe ser el lugar por excelencia de la movilidad social y de la solidaridad entre las distintas clases sociales&#8221;, expres\u00f3 el gobernador Durazo.<\/p>\n<p>Durante la ceremonia, el gobernador Durazo tambi\u00e9n reconoci\u00f3 la labor de la rectora saliente, Mar\u00eda Rita Plancarte Mart\u00ednez, por su liderazgo durante uno de los periodos m\u00e1s complejos en la historia de la instituci\u00f3n, al enfrentar la pandemia por COVID-19, y participar activamente en la construcci\u00f3n de un nuevo marco legal universitario que permiti\u00f3 esta hist\u00f3rica elecci\u00f3n rectoral.<\/p>\n<p>As\u00ed mismo, subray\u00f3 que, bajo este nuevo modelo de gobernanza democr\u00e1tica, la Universidad de Sonora se fortalece como un actor clave para el desarrollo del estado, especialmente en el contexto del Plan Sonora de Energ\u00edas Sostenibles, donde su potencial acad\u00e9mico e interdisciplinario ser\u00e1 fundamental en \u00e1reas estrat\u00e9gicas como semiconductores, energ\u00edas renovables, miner\u00eda sustentable, ciencia de datos e inteligencia artificial.<\/p>\n<p>Finalmente, dese\u00f3 el mayor de los \u00e9xitos a la doctora Dena Mar\u00eda Jes\u00fas Camarena G\u00f3mez en su nueva responsabilidad como rectora, seguro de que su gesti\u00f3n contribuir\u00e1 a engrandecer a\u00fan m\u00e1s a la m\u00e1xima casa de estudios de las y los sonorenses.<\/p>\n","protected":false},"excerpt":{"rendered":"<p>Hermosillo, Sonora; 16 de junio de 2025.- El gobernador Alfonso Durazo Monta\u00f1o presidi\u00f3 la ceremonia de toma de protesta de la doctora Dena Mar\u00eda Jes\u00fas Camarena G\u00f3mez como nueva rectora de la Universidad de Sonora, en un acto que calific\u00f3 como hist\u00f3rico por ser el resultado de un proceso democr\u00e1tico que garantiza la autonom\u00eda y [&hellip;]<\/p>\n","protected":false},"author":2,"featured_media":221700,"comment_status":"closed","ping_status":"closed","sticky":false,"template":"","format":"standard","meta":{"footnotes":""},"categories":[12870,178],"tags":[12865,12869],"class_list":["post-221699","post","type-post","status-publish","format-standard","has-post-thumbnail","hentry","category-destacadas","category-local","tag-destacadas","tag-local"],"jetpack_featured_media_url":"https:\/\/rnoticias.com.mx\/Portal\/wp-content\/uploads\/2025\/06\/unnamed-31-2.jpg","amp_enabled":true,"_links":{"self":[{"href":"https:\/\/rnoticias.com.mx\/Portal\/wp-json\/wp\/v2\/posts\/221699","targetHints":{"allow":["GET"]}}],"collection":[{"href":"https:\/\/rnoticias.com.mx\/Portal\/wp-json\/wp\/v2\/posts"}],"about":[{"href":"https:\/\/rnoticias.com.mx\/Portal\/wp-json\/wp\/v2\/types\/post"}],"author":[{"embeddable":true,"href":"https:\/\/rnoticias.com.mx\/Portal\/wp-json\/wp\/v2\/users\/2"}],"replies":[{"embeddable":true,"href":"https:\/\/rnoticias.com.mx\/Portal\/wp-json\/wp\/v2\/comments?post=221699"}],"version-history":[{"count":1,"href":"https:\/\/rnoticias.com.mx\/Portal\/wp-json\/wp\/v2\/posts\/221699\/revisions"}],"predecessor-version":[{"id":221701,"href":"https:\/\/rnoticias.com.mx\/Portal\/wp-json\/wp\/v2\/posts\/221699\/revisions\/221701"}],"wp:featuredmedia":[{"embeddable":true,"href":"https:\/\/rnoticias.com.mx\/Portal\/wp-json\/wp\/v2\/media\/221700"}],"wp:attachment":[{"href":"https:\/\/rnoticias.com.mx\/Portal\/wp-json\/wp\/v2\/media?parent=221699"}],"wp:term":[{"taxonomy":"category","embeddable":true,"href":"https:\/\/rnoticias.com.mx\/Portal\/wp-json\/wp\/v2\/categories?post=221699"},{"taxonomy":"post_tag","embeddable":true,"href":"https:\/\/rnoticias.com.mx\/Portal\/wp-json\/wp\/v2\/tags?post=221699"}],"curies":[{"name":"wp","href":"https:\/\/api.w.org\/{rel}","templated":true}]}}