{"id":221695,"date":"2025-06-16T20:12:54","date_gmt":"2025-06-17T03:12:54","guid":{"rendered":"https:\/\/rnoticias.com.mx\/Portal\/?p=221695"},"modified":"2025-06-16T20:15:39","modified_gmt":"2025-06-17T03:15:39","slug":"asume-dena-maria-camarena-gomez-la-rectoria-de-la-universidad-de-sonora","status":"publish","type":"post","link":"https:\/\/rnoticias.com.mx\/Portal\/2025\/06\/16\/asume-dena-maria-camarena-gomez-la-rectoria-de-la-universidad-de-sonora\/","title":{"rendered":"Asume Dena Mar\u00eda Camarena G\u00f3mez la Rector\u00eda de la Universidad de Sonora"},"content":{"rendered":"<p>Dena Mar\u00eda Camarena G\u00f3mez asumi\u00f3 este lunes 16 de junio la Rector\u00eda de la Universidad de Sonora para el periodo 2025-2030, en una ceremonia solemne celebrada en el teatro Emiliana de Zubeld\u00eda, con la presencia de autoridades acad\u00e9micas, gubernamentales y representantes de diversos sectores de la sociedad.<\/p>\n<p>El acto fue presidido por la rectora saliente, Mar\u00eda Rita Plancarte Mart\u00ednez, como presidenta del Colegio Universitario, quien entreg\u00f3 el nombramiento y tom\u00f3 la protesta de ley a su sucesora, marcando as\u00ed la transici\u00f3n oficial de la m\u00e1xima autoridad unipersonal de la instituci\u00f3n. En el mismo acto, tambi\u00e9n le impuso la medalla que simboliza la asunci\u00f3n, propiamente, del cargo.<\/p>\n<p>Previamente, Luis Enrique Riojas Duarte, dio lectura del Acta del Colegio Universitario, en su calidad de secretario del m\u00e1ximo \u00f3rgano colegiado de gobierno de la instituci\u00f3n, donde resalt\u00f3 el proceso de elecci\u00f3n de la persona titular de la Rector\u00eda.<\/p>\n<p>&nbsp;<\/p>\n<p><strong>Reafirma compromisos<\/strong><\/p>\n<p>Tras recibir la investidura, Dena Mar\u00eda Camarena G\u00f3mez dirigi\u00f3 su primer mensaje como rectora, quien agradeci\u00f3 la confianza del Honorable Colegio Universitario por conferirle esta encomienda, que considera \u201cel m\u00e1s alto honor y la mayor responsabilidad con la que alguien egresado de sus aulas puede ser distinguido\u201d, y asegur\u00f3 que pondr\u00e1 su mayor empe\u00f1o por honrar esa confianza.<\/p>\n<p>Destac\u00f3 que su visi\u00f3n institucional para el periodo 2025-2030 va m\u00e1s all\u00e1 de la excelencia acad\u00e9mica, al proponer una formaci\u00f3n integral con enfoque humanista, comprometida con la sostenibilidad y la responsabilidad social.<\/p>\n<p>Hizo menci\u00f3n especial a Mar\u00eda Rita Plancarte Mart\u00ednez, a quien considera una acad\u00e9mica ejemplar, y una Rectora que hizo historia al ser la primera mujer en ocupar el cargo despu\u00e9s de casi 79 a\u00f1os de vida de la instituci\u00f3n.<\/p>\n<p>Finalmente, reafirm\u00f3 su compromiso de liderar con integridad, pasi\u00f3n, transparencia, austeridad y responsabilidad, con el respaldo de toda la comunidad universitaria. Se\u00f1al\u00f3 que la Universidad de Sonora no debe temer a la magnitud del reto, sino asumirlo como una oportunidad para convertirse en motor de cambio.<\/p>\n<p>&nbsp;<\/p>\n<p><strong>Toma de protesta in\u00e9dita<\/strong><\/p>\n<p>El evento cont\u00f3 con la presencia del gobernador del estado, Alfonso Durazo Monta\u00f1o, quien dirigi\u00f3 un mensaje a la comunidad universitaria en el que reconoci\u00f3 la labor de Mar\u00eda Rita Plancarte Mart\u00ednez al frente de la Rector\u00eda. Destac\u00f3 los retos que tuvo que afrontar al asumir el cargo en plena pandemia por covid-19, as\u00ed como su papel clave en el proceso de reforma a la Ley Org\u00e1nica de la Universidad.<\/p>\n<p>\u201cEl proceso de reforma ha sido uno de mis mayores motivos de satisfacci\u00f3n. Fue una reforma compleja, pero se logr\u00f3 sin contratiempos que pusieran en riesgo la integridad de la Universidad\u201d, expres\u00f3 el mandatario.<\/p>\n<p>Agreg\u00f3 que \u201cel papel de la doctora Plancarte en ese proceso fue clave, y muy probablemente, sin ese nuevo marco jur\u00eddico, no estar\u00edamos hoy acompa\u00f1ando a Dena Camarena como rectora de la Universidad de Sonora\u201d.<\/p>\n<p>Durazo Monta\u00f1o subray\u00f3 que lo m\u00e1s importante fue que se logr\u00f3 una legislaci\u00f3n producto del consenso mayoritario de todos los sectores de la Unison, lo que permiti\u00f3 la realizaci\u00f3n de una toma de protesta in\u00e9dita: la de la primera rectora electa mediante un proceso democr\u00e1tico y competido.<\/p>\n<p>Augur\u00f3 una gesti\u00f3n exitosa para la nueva rectora y manifest\u00f3 su disposici\u00f3n para trabajar de manera coordinada con la Universidad de Sonora y con todas las instituciones de educaci\u00f3n superior del estado.<\/p>\n<p>\u201cExpreso mi reconocimiento a la comunidad universitaria: su madurez y responsabilidad condujeron a un proceso electivo hist\u00f3rico. Estoy seguro de que, bajo la gesti\u00f3n de la doctora Camarena, la Universidad continuar\u00e1 siendo un espacio de libertades, de innovaci\u00f3n y de desarrollo\u201d, concluy\u00f3.<\/p>\n<p>&nbsp;<\/p>\n<p><strong>Agradece el apoyo en su gesti\u00f3n<\/strong><\/p>\n<p>Antes de tomar protesta a su sucesora, Mar\u00eda Rita Plancarte Mart\u00ednez agradeci\u00f3 a la comunidad universitaria por el respaldo recibido a lo largo de su gesti\u00f3n, y expres\u00f3 su confianza en que la nueva administraci\u00f3n continuar\u00e1 fortaleciendo el prestigio acad\u00e9mico y el compromiso social de la Universidad de Sonora.<\/p>\n<p>En su intervenci\u00f3n, expres\u00f3 su emoci\u00f3n al concluir su periodo al frente de esta casa de estudios y afirm\u00f3 que se cerraba un ciclo y se abr\u00eda otro que reaviva la fe en la instituci\u00f3n. \u201cMe conmueve profundamente llegar a este momento\u2026 en el que ha prevalecido el respeto a la normatividad, el di\u00e1logo y el inter\u00e9s com\u00fan por Universidad\u201d, indic\u00f3.<\/p>\n<p>Plancarte Mart\u00ednez record\u00f3 que asumi\u00f3 la Rector\u00eda en un momento cr\u00edtico, en plena pandemia, y que lo hizo con la convicci\u00f3n de que el esfuerzo colectivo dar\u00eda rumbo y estabilidad a la universidad. \u201cA esa convicci\u00f3n dediqu\u00e9 mis mejores esfuerzos, sin descanso, sin vacilaciones y con el mayor cari\u00f1o\u201d, se\u00f1al\u00f3.<\/p>\n<p>Dirigi\u00e9ndose a la nueva rectora, Dena Mar\u00eda Camarena G\u00f3mez, le dese\u00f3 una gesti\u00f3n fruct\u00edfera y reafirm\u00f3 su confianza en que su liderazgo contribuir\u00e1 al fortalecimiento de la Universidad de Sonora.<\/p>\n<p>\u201cTiendo un puente hacia ustedes con la \u00fanica palabra que importa cuando se cierra un ciclo como este: gracias\u201d, concluy\u00f3.<\/p>\n<p>&nbsp;<\/p>\n<p><strong>Unidad institucional<\/strong><\/p>\n<p>La ceremonia solemne fue transmitida en vivo a trav\u00e9s del canal oficial de YouTube de la Universidad de Sonora y Radio Universidad. Inici\u00f3 con la proyecci\u00f3n de un emotivo video institucional que simboliza el inicio de una nueva etapa para la alma mater.<\/p>\n<p>El mensaje recorri\u00f3 los campus universitarios; el hilo conductor del video fueron las y los portadores de banderas, integrantes de la comunidad universitaria que representan el compromiso colectivo con la excelencia, y al finalizar la proyecci\u00f3n, seis representantes de cada uno de los campus hicieron acto de presencia en el teatro Emiliana de Zubeld\u00eda, reflejando la unidad institucional.<\/p>\n<p>Como parte del protocolo, se realizaron tambi\u00e9n honores a la Bandera, a cargo de la Escolta y Banda de Guerra Legi\u00f3n Seri y este emotivo acto concluy\u00f3 con la entonaci\u00f3n del Himno Universitario, interpretado por el Coro de C\u00e1mara de la Universidad de Sonora.<\/p>\n<p>&nbsp;<\/p>\n<p><strong>Invitados especiales atestiguaron este momento hist\u00f3rico<\/strong><\/p>\n<p>Se cont\u00f3 con la presencia de exrectores de esta casa de estudios, miembros del Colegio Universitario de los periodos 2023-2025 y 2025-2027, el primero encargado de la elecci\u00f3n de la rectora el d\u00eda 8 de abril; el segundo y actual, rindi\u00f3 protesta el pasado 12 de mayo.<\/p>\n<p>Asistieron directivos de la administraci\u00f3n saliente y entrante de la Universidad de Sonora; y representantes del Consejo Jur\u00eddico.<\/p>\n<p>Estuvieron como invitados especiales tambi\u00e9n los titulares del poder legislativo y judicial, autoridades del Gobierno Estatal y Municipal, el secretario General Ejecutivo de Anuies, rectores y directores de instituciones educativas, secretarios de sindicatos, alcaldes de los municipios donde tiene presencia la Universidad de Sonora, representantes de c\u00e1maras empresariales, colegios de profesionistas y barras de abogados.<\/p>\n","protected":false},"excerpt":{"rendered":"<p>Dena Mar\u00eda Camarena G\u00f3mez asumi\u00f3 este lunes 16 de junio la Rector\u00eda de la Universidad de Sonora para el periodo 2025-2030, en una ceremonia solemne celebrada en el teatro Emiliana de Zubeld\u00eda, con la presencia de autoridades acad\u00e9micas, gubernamentales y representantes de diversos sectores de la sociedad. El acto fue presidido por la rectora saliente, [&hellip;]<\/p>\n","protected":false},"author":2,"featured_media":221696,"comment_status":"closed","ping_status":"closed","sticky":false,"template":"","format":"standard","meta":{"footnotes":""},"categories":[12870,178],"tags":[12865,12869],"class_list":["post-221695","post","type-post","status-publish","format-standard","has-post-thumbnail","hentry","category-destacadas","category-local","tag-destacadas","tag-local"],"jetpack_featured_media_url":"https:\/\/rnoticias.com.mx\/Portal\/wp-content\/uploads\/2025\/06\/TOMA-DE-PROTESTA-DE-LA-DRA.-DENA-MARIA-CAMARENA-GOMEZ-COMO-RECTORA-DE-LA-UNISON-1.jpg","amp_enabled":true,"_links":{"self":[{"href":"https:\/\/rnoticias.com.mx\/Portal\/wp-json\/wp\/v2\/posts\/221695","targetHints":{"allow":["GET"]}}],"collection":[{"href":"https:\/\/rnoticias.com.mx\/Portal\/wp-json\/wp\/v2\/posts"}],"about":[{"href":"https:\/\/rnoticias.com.mx\/Portal\/wp-json\/wp\/v2\/types\/post"}],"author":[{"embeddable":true,"href":"https:\/\/rnoticias.com.mx\/Portal\/wp-json\/wp\/v2\/users\/2"}],"replies":[{"embeddable":true,"href":"https:\/\/rnoticias.com.mx\/Portal\/wp-json\/wp\/v2\/comments?post=221695"}],"version-history":[{"count":1,"href":"https:\/\/rnoticias.com.mx\/Portal\/wp-json\/wp\/v2\/posts\/221695\/revisions"}],"predecessor-version":[{"id":221697,"href":"https:\/\/rnoticias.com.mx\/Portal\/wp-json\/wp\/v2\/posts\/221695\/revisions\/221697"}],"wp:featuredmedia":[{"embeddable":true,"href":"https:\/\/rnoticias.com.mx\/Portal\/wp-json\/wp\/v2\/media\/221696"}],"wp:attachment":[{"href":"https:\/\/rnoticias.com.mx\/Portal\/wp-json\/wp\/v2\/media?parent=221695"}],"wp:term":[{"taxonomy":"category","embeddable":true,"href":"https:\/\/rnoticias.com.mx\/Portal\/wp-json\/wp\/v2\/categories?post=221695"},{"taxonomy":"post_tag","embeddable":true,"href":"https:\/\/rnoticias.com.mx\/Portal\/wp-json\/wp\/v2\/tags?post=221695"}],"curies":[{"name":"wp","href":"https:\/\/api.w.org\/{rel}","templated":true}]}}