{"id":221692,"date":"2025-06-16T15:34:26","date_gmt":"2025-06-16T22:34:26","guid":{"rendered":"https:\/\/rnoticias.com.mx\/Portal\/?p=221692"},"modified":"2025-06-16T15:34:26","modified_gmt":"2025-06-16T22:34:26","slug":"instala-sonora-global-comision-fiscal-para-impulsar-inversion-y-formalizacion","status":"publish","type":"post","link":"https:\/\/rnoticias.com.mx\/Portal\/2025\/06\/16\/instala-sonora-global-comision-fiscal-para-impulsar-inversion-y-formalizacion\/","title":{"rendered":"Instala Sonora Global Comisi\u00f3n Fiscal para impulsar inversi\u00f3n y formalizaci\u00f3n"},"content":{"rendered":"<p>Hermosillo, Sonora.- Sonora Global (SG), agencia privada de desarrollo econ\u00f3mico, instal\u00f3 oficialmente su Comisi\u00f3n Fiscal, un nuevo \u00f3rgano de trabajo que reunir\u00e1 a especialistas, empresarios y representantes del sector econ\u00f3mico para generar propuestas colaborativas en materia fiscal que fortalezcan la competitividad del estado.<\/p>\n<p>La Comisi\u00f3n estar\u00e1 presidida por el M.D. Jes\u00fas Edgardo Betancourt Osuna; Director Fiscal de GBA Global Business Advisor, firma con m\u00e1s de 30 a\u00f1os de trayectoria y presencia nacional, especializada en asesor\u00eda fiscal y corporativa.<\/p>\n<p>Betancourt Osuna, cuenta con una amplia experiencia en derecho fiscal, comercio exterior y funciones jurisdiccionales, as\u00ed como una destacada participaci\u00f3n como expositor en congresos nacionales de defensa fiscal.<\/p>\n<p>El presidente de SG; Arturo Fern\u00e1ndez D\u00edaz-Gonz\u00e1lez, destac\u00f3 la importancia de crear espacios t\u00e9cnicos y de colaboraci\u00f3n que aborden temas fiscales desde una visi\u00f3n de desarrollo econ\u00f3mico.<\/p>\n<p>\u201cLa fiscalidad es un factor clave para atraer inversiones, formalizar negocios y estimular el crecimiento. Con esta comisi\u00f3n, buscamos construir propuestas s\u00f3lidas, generar di\u00e1logo informado y contribuir al fortalecimiento del ecosistema empresarial de Sonora\u201d, dilo el l\u00edder de SG.<\/p>\n<p>El empresario sonorense agreg\u00f3 que la Comisi\u00f3n Fiscal se suma a las iniciativas estrat\u00e9gicas de Sonora Global para posicionar al estado como un referente en atracci\u00f3n de inversiones y articulaci\u00f3n de esfuerzos multisectoriales. Su labor incluir\u00e1 mesas de trabajo, an\u00e1lisis t\u00e9cnicos, posicionamientos p\u00fablicos y vinculaci\u00f3n con autoridades fiscales y organismos empresariales.<\/p>\n","protected":false},"excerpt":{"rendered":"<p>Hermosillo, Sonora.- Sonora Global (SG), agencia privada de desarrollo econ\u00f3mico, instal\u00f3 oficialmente su Comisi\u00f3n Fiscal, un nuevo \u00f3rgano de trabajo que reunir\u00e1 a especialistas, empresarios y representantes del sector econ\u00f3mico para generar propuestas colaborativas en materia fiscal que fortalezcan la competitividad del estado. La Comisi\u00f3n estar\u00e1 presidida por el M.D. Jes\u00fas Edgardo Betancourt Osuna; Director [&hellip;]<\/p>\n","protected":false},"author":2,"featured_media":221693,"comment_status":"closed","ping_status":"closed","sticky":false,"template":"","format":"standard","meta":{"footnotes":""},"categories":[178],"tags":[12869],"class_list":["post-221692","post","type-post","status-publish","format-standard","has-post-thumbnail","hentry","category-local","tag-local"],"jetpack_featured_media_url":"https:\/\/rnoticias.com.mx\/Portal\/wp-content\/uploads\/2025\/06\/cf51112f-34a7-4aa3-99d1-a5fe73e4fafb.jpg","amp_enabled":true,"_links":{"self":[{"href":"https:\/\/rnoticias.com.mx\/Portal\/wp-json\/wp\/v2\/posts\/221692","targetHints":{"allow":["GET"]}}],"collection":[{"href":"https:\/\/rnoticias.com.mx\/Portal\/wp-json\/wp\/v2\/posts"}],"about":[{"href":"https:\/\/rnoticias.com.mx\/Portal\/wp-json\/wp\/v2\/types\/post"}],"author":[{"embeddable":true,"href":"https:\/\/rnoticias.com.mx\/Portal\/wp-json\/wp\/v2\/users\/2"}],"replies":[{"embeddable":true,"href":"https:\/\/rnoticias.com.mx\/Portal\/wp-json\/wp\/v2\/comments?post=221692"}],"version-history":[{"count":1,"href":"https:\/\/rnoticias.com.mx\/Portal\/wp-json\/wp\/v2\/posts\/221692\/revisions"}],"predecessor-version":[{"id":221694,"href":"https:\/\/rnoticias.com.mx\/Portal\/wp-json\/wp\/v2\/posts\/221692\/revisions\/221694"}],"wp:featuredmedia":[{"embeddable":true,"href":"https:\/\/rnoticias.com.mx\/Portal\/wp-json\/wp\/v2\/media\/221693"}],"wp:attachment":[{"href":"https:\/\/rnoticias.com.mx\/Portal\/wp-json\/wp\/v2\/media?parent=221692"}],"wp:term":[{"taxonomy":"category","embeddable":true,"href":"https:\/\/rnoticias.com.mx\/Portal\/wp-json\/wp\/v2\/categories?post=221692"},{"taxonomy":"post_tag","embeddable":true,"href":"https:\/\/rnoticias.com.mx\/Portal\/wp-json\/wp\/v2\/tags?post=221692"}],"curies":[{"name":"wp","href":"https:\/\/api.w.org\/{rel}","templated":true}]}}