{"id":221689,"date":"2025-06-16T15:33:23","date_gmt":"2025-06-16T22:33:23","guid":{"rendered":"https:\/\/rnoticias.com.mx\/Portal\/?p=221689"},"modified":"2025-06-16T15:33:23","modified_gmt":"2025-06-16T22:33:23","slug":"declara-ine-validez-de-la-eleccion-de-magistraturas-del-tribunal-de-disciplina-judicial-sala-superior-y-salas-regionales-del-tepjf","status":"publish","type":"post","link":"https:\/\/rnoticias.com.mx\/Portal\/2025\/06\/16\/declara-ine-validez-de-la-eleccion-de-magistraturas-del-tribunal-de-disciplina-judicial-sala-superior-y-salas-regionales-del-tepjf\/","title":{"rendered":"Declara INE validez de la elecci\u00f3n de magistraturas del Tribunal de Disciplina Judicial, Sala Superior y Salas Regionales del TEPJF"},"content":{"rendered":"<p class=\"x_MsoNormal\"><span data-olk-copy-source=\"MessageBody\">El Consejo General del Instituto Nacional Electoral (INE) declar\u00f3 la validez de la elecci\u00f3n, emiti\u00f3 la sumatoria nacional y realiz\u00f3 la asignaci\u00f3n a las personas que obtuvieron el mayor n\u00famero de votos, en forma paritaria y que ocupar\u00e1n los cargos de Magistradas y Magistrados del Tribunal de Disciplina Judicial (TDJ); de magistraturas de la Sala Superior y Salas Regionales del Tribunal Electoral del Poder Judicial de la Federaci\u00f3n (TEPJF).<\/span><\/p>\n<p class=\"x_MsoNormal\">\n<p class=\"x_MsoNormal\">Al continuar la sesi\u00f3n extraordinaria, el pleno realiz\u00f3 la asignaci\u00f3n de las personas que obtuvieron el mayor n\u00famero de votos, en forma paritaria, y que ocupar\u00e1n los cargos de Magistradas y Magistrados del TDJ, al declarar la validez de esta elecci\u00f3n:<\/p>\n<p class=\"x_MsoNormal\">\n<table class=\"x_MsoNormalTable\" border=\"0\" cellspacing=\"0\" cellpadding=\"0\">\n<tbody>\n<tr>\n<td valign=\"top\" width=\"264\">\n<p class=\"x_MsoNormal\"><b>Magistradas y Magistrados<\/b><\/p>\n<\/td>\n<td valign=\"top\" width=\"145\">\n<p class=\"x_MsoNormal\"><b>Votos obtenidos<\/b><\/p>\n<\/td>\n<\/tr>\n<tr>\n<td valign=\"bottom\" width=\"264\">\n<p class=\"x_MsoNormal\">MAYA GARCIA CELIA<\/p>\n<\/td>\n<td valign=\"bottom\" width=\"145\">\n<p class=\"x_MsoNormal\">4,939,627<\/p>\n<\/td>\n<\/tr>\n<tr>\n<td valign=\"bottom\" width=\"264\">\n<p class=\"x_MsoNormal\">DE GYVES ZARATE EVA VERONICA<\/p>\n<\/td>\n<td valign=\"bottom\" width=\"145\">\n<p class=\"x_MsoNormal\">4,733,645<\/p>\n<\/td>\n<\/tr>\n<tr>\n<td valign=\"bottom\" width=\"264\">\n<p class=\"x_MsoNormal\">BATIZ VAZQUEZ BERNARDO<\/p>\n<\/td>\n<td valign=\"bottom\" width=\"145\">\n<p class=\"x_MsoNormal\">4,355,670<\/p>\n<\/td>\n<\/tr>\n<tr>\n<td valign=\"bottom\" width=\"264\">\n<p class=\"x_MsoNormal\">GARCIA PEREZ INDIRA ISABEL<\/p>\n<\/td>\n<td valign=\"bottom\" width=\"145\">\n<p class=\"x_MsoNormal\">4,052,953<\/p>\n<\/td>\n<\/tr>\n<tr>\n<td valign=\"bottom\" width=\"264\">\n<p class=\"x_MsoNormal\">H LEON TOVAR RUFINO<\/p>\n<\/td>\n<td valign=\"bottom\" width=\"145\">\n<p class=\"x_MsoNormal\">3,749,645<\/p>\n<\/td>\n<\/tr>\n<\/tbody>\n<\/table>\n<p class=\"x_MsoNormal\" aria-hidden=\"true\">\n<p class=\"x_MsoNormal\"><b><i>Se declara la validez de la elecci\u00f3n de magistraturas de Sala Superior<\/i><\/b><\/p>\n<p class=\"x_MsoNormal\"><b><i>\u00a0<\/i><\/b><\/p>\n<p class=\"x_MsoNormal\">Enseguida, la m\u00e1xima autoridad electoral emiti\u00f3 la sumatoria nacional, asign\u00f3 a las personas ganadoras conforme a los principios de mayor\u00eda y paridad de g\u00e9nero y declar\u00f3 la validez de la elecci\u00f3n de Magistradas y Magistrados de la Sala Superior del Tribunal Electoral del Poder Judicial de la Federaci\u00f3n.<\/p>\n<p class=\"x_MsoNormal\">\n<p class=\"x_MsoNormal\">La asignaci\u00f3n de las personas que obtuvieron el mayor n\u00famero de votos, en forma paritaria, y que ocupar\u00e1n los cargos de Magistrada y Magistrado de la Sala Superior del TEPJF son:<\/p>\n<p class=\"x_MsoNormal\">\n<p class=\"x_MsoNormal\">\n<p class=\"x_MsoNormal\" aria-hidden=\"true\">\n<p class=\"x_MsoNormal\" aria-hidden=\"true\">\n<table class=\"x_MsoNormalTable\" border=\"0\" width=\"417\" cellspacing=\"0\" cellpadding=\"0\">\n<tbody>\n<tr>\n<td width=\"322\">\n<p class=\"x_MsoNormal\"><b>Magistrada y Magistrado<\/b><\/p>\n<\/td>\n<td width=\"95\">\n<p class=\"x_MsoNormal\"><b>Votos obtenidos<\/b><\/p>\n<\/td>\n<\/tr>\n<tr>\n<td valign=\"bottom\" width=\"322\">\n<p class=\"x_MsoNormal\"><b>BATIZ GARCIA GILBERTO DE GUZMAN<\/b><\/p>\n<\/td>\n<td valign=\"bottom\" width=\"95\">\n<p class=\"x_MsoNormal\"><b>4,465,312<\/b><\/p>\n<\/td>\n<\/tr>\n<tr>\n<td valign=\"bottom\" width=\"322\">\n<p class=\"x_MsoNormal\"><b>VALLE AGUILASOCHO CLAUDIA<\/b><\/p>\n<\/td>\n<td valign=\"bottom\" width=\"95\">\n<p class=\"x_MsoNormal\"><b>3,921,507<\/b><\/p>\n<\/td>\n<\/tr>\n<\/tbody>\n<\/table>\n<p class=\"x_MsoNormal\"><b><span lang=\"ES\">\u00a0<\/span><\/b><\/p>\n<p class=\"x_MsoNormal\"><b><i>\u00a0<\/i><\/b><\/p>\n<p class=\"x_MsoNormal\"><b><i>Se valida la elecci\u00f3n de magistraturas de Salas Regionales del TEPJF<\/i><\/b><\/p>\n<p class=\"x_MsoNormal\">\n<p class=\"x_MsoNormal\">Durante la sesi\u00f3n, el pleno present\u00f3 los resultados finales de los c\u00f3mputos y declar\u00f3 la validez de la elecci\u00f3n de Magistradas y Magistrados de las cinco Salas Regionales del TEPJF.<\/p>\n<p class=\"x_MsoNormal\">\n<p class=\"x_MsoNormal\">Las personas m\u00e1s votadas y de conformidad con el principio constitucional de paridad de g\u00e9nero que fueron asignadas en los cargos de Magistradas y Magistrados de las cinco Salas Regionales del TEPJF son:<\/p>\n<p class=\"x_MsoNormal\"><b><i>\u00a0<\/i><\/b><\/p>\n<p class=\"x_MsoNormal\"><b><i>Primera Circunscripci\u00f3n Electoral con Sede en Guadalajara<\/i><\/b><\/p>\n<p class=\"x_MsoNormal\"><b><i>\u00a0<\/i><\/b><\/p>\n<p class=\"x_MsoNormal\">Rebeca Barrera Amador: 602 mil 248 votos.<\/p>\n<p class=\"x_MsoNormal\">Irina Graciela Cervantes Bravo: 489 mil 265 votos.<\/p>\n<p class=\"x_MsoNormal\">Sergio Arturo Guerrero Olvera: 475 mil 281 votos.<\/p>\n<p class=\"x_MsoNormal\"><b><i>\u00a0<\/i><\/b><\/p>\n<p class=\"x_MsoNormal\"><b><i>Segunda Circunscripci\u00f3n Electoral con Sede en Monterrey<\/i><\/b><\/p>\n<p class=\"x_MsoNormal\" aria-hidden=\"true\">\n<p class=\"x_MsoNormal\">Mar\u00eda Dolores L\u00f3pez Loza: 594 mil 182 votos.<\/p>\n<p class=\"x_MsoNormal\">Madeleyne Ivett Figueroa G\u00e1mez: 575 mil 404 votos.<\/p>\n<p class=\"x_MsoNormal\">Sergio D\u00edaz Rend\u00f3n: 522 mil 850 votos.<\/p>\n<p class=\"x_MsoNormal\"><b><i>\u00a0<\/i><\/b><\/p>\n<p class=\"x_MsoNormal\"><b><i>Tercera Circunscripci\u00f3n Electoral con sede en Xalapa<\/i><\/b><\/p>\n<p class=\"x_MsoNormal\" aria-hidden=\"true\">\n<p class=\"x_MsoNormal\">Roselia Bustillo Mar\u00edn: 1 mill\u00f3n 118 mil 376 votos.<\/p>\n<p class=\"x_MsoNormal\">Eva Barrientos Zapata: 1 mill\u00f3n 050 mil 772 votos.<\/p>\n<p class=\"x_MsoNormal\">Jos\u00e9 Antonio Troncoso \u00c1vila: 888 mil 295 votos.<\/p>\n<p class=\"x_MsoNormal\"><b><i>\u00a0<\/i><\/b><\/p>\n<p class=\"x_MsoNormal\"><b><i>Cuarta Circunscripci\u00f3n Electoral con Sede en la Ciudad de M\u00e9xico<\/i><\/b><\/p>\n<p class=\"x_MsoNormal\"><b><i>\u00a0<\/i><\/b><\/p>\n<p class=\"x_MsoNormal\">Mar\u00eda Cecilia Guevara y Herrera: 1 mill\u00f3n 063 mil 063 votos.<\/p>\n<p class=\"x_MsoNormal\">Jos\u00e9 Luis Ceballos Daza: 870 mil 229 votos.<\/p>\n<p class=\"x_MsoNormal\">Ixel Mendoza Arag\u00f3n: 828 mil 349 votos.<\/p>\n<p class=\"x_MsoNormal\"><b><i>\u00a0<\/i><\/b><\/p>\n<p class=\"x_MsoNormal\"><b><i>Quinta Circunscripci\u00f3n Electoral con Sede en Toluca de Lerdo<\/i><\/b><\/p>\n<p class=\"x_MsoNormal\"><b><i>\u00a0<\/i><\/b><\/p>\n<p class=\"x_MsoNormal\"><span lang=\"PT\">Nereida Berenice \u00c1valos V\u00e1zquez: 618 mil 030 votos.<\/span><\/p>\n<p class=\"x_MsoNormal\"><span lang=\"PT\">Marcela Elena Fern\u00e1ndez Dom\u00ednguez: 494 mil 812 votos<\/span><\/p>\n<p class=\"x_MsoNormal\">Omar Hern\u00e1ndez Esquivel: 364 mil 419 votos.<\/p>\n<p class=\"x_MsoNormal\" aria-hidden=\"true\">\n<p class=\"x_MsoNormal\">La reforma del Poder Judicial de la Federaci\u00f3n dispone que el periodo de las Magistradas y Magistrados electorales de Salas Regionales que resultaron electos en el marco del Proceso Electoral Extraordinario para la elecci\u00f3n de diversos cargos del Poder Judicial de la Federaci\u00f3n (PEEPJF) 2024-2025, durar\u00e1 ocho a\u00f1os y vencer\u00e1 en el 2033.<\/p>\n","protected":false},"excerpt":{"rendered":"<p>El Consejo General del Instituto Nacional Electoral (INE) declar\u00f3 la validez de la elecci\u00f3n, emiti\u00f3 la sumatoria nacional y realiz\u00f3 la asignaci\u00f3n a las personas que obtuvieron el mayor n\u00famero de votos, en forma paritaria y que ocupar\u00e1n los cargos de Magistradas y Magistrados del Tribunal de Disciplina Judicial (TDJ); de magistraturas de la Sala [&hellip;]<\/p>\n","protected":false},"author":2,"featured_media":0,"comment_status":"closed","ping_status":"closed","sticky":false,"template":"","format":"standard","meta":{"footnotes":""},"categories":[12870,12868],"tags":[12865,12879],"class_list":["post-221689","post","type-post","status-publish","format-standard","hentry","category-destacadas","category-politica","tag-destacadas","tag-politica"],"jetpack_featured_media_url":"","amp_enabled":true,"_links":{"self":[{"href":"https:\/\/rnoticias.com.mx\/Portal\/wp-json\/wp\/v2\/posts\/221689","targetHints":{"allow":["GET"]}}],"collection":[{"href":"https:\/\/rnoticias.com.mx\/Portal\/wp-json\/wp\/v2\/posts"}],"about":[{"href":"https:\/\/rnoticias.com.mx\/Portal\/wp-json\/wp\/v2\/types\/post"}],"author":[{"embeddable":true,"href":"https:\/\/rnoticias.com.mx\/Portal\/wp-json\/wp\/v2\/users\/2"}],"replies":[{"embeddable":true,"href":"https:\/\/rnoticias.com.mx\/Portal\/wp-json\/wp\/v2\/comments?post=221689"}],"version-history":[{"count":1,"href":"https:\/\/rnoticias.com.mx\/Portal\/wp-json\/wp\/v2\/posts\/221689\/revisions"}],"predecessor-version":[{"id":221691,"href":"https:\/\/rnoticias.com.mx\/Portal\/wp-json\/wp\/v2\/posts\/221689\/revisions\/221691"}],"wp:attachment":[{"href":"https:\/\/rnoticias.com.mx\/Portal\/wp-json\/wp\/v2\/media?parent=221689"}],"wp:term":[{"taxonomy":"category","embeddable":true,"href":"https:\/\/rnoticias.com.mx\/Portal\/wp-json\/wp\/v2\/categories?post=221689"},{"taxonomy":"post_tag","embeddable":true,"href":"https:\/\/rnoticias.com.mx\/Portal\/wp-json\/wp\/v2\/tags?post=221689"}],"curies":[{"name":"wp","href":"https:\/\/api.w.org\/{rel}","templated":true}]}}