{"id":221671,"date":"2025-06-16T13:47:05","date_gmt":"2025-06-16T20:47:05","guid":{"rendered":"https:\/\/rnoticias.com.mx\/Portal\/?p=221671"},"modified":"2025-06-16T13:47:05","modified_gmt":"2025-06-16T20:47:05","slug":"sandra-echeverria-teme-que-le-quiten-su-residencia-en-ee-uu-en-medio-de-cancelaciones-de-visas","status":"publish","type":"post","link":"https:\/\/rnoticias.com.mx\/Portal\/2025\/06\/16\/sandra-echeverria-teme-que-le-quiten-su-residencia-en-ee-uu-en-medio-de-cancelaciones-de-visas\/","title":{"rendered":"Sandra Echeverr\u00eda teme que le quiten su residencia en EE.UU. en medio de cancelaciones de visas"},"content":{"rendered":"<p>Agencia M\u00e9xico<\/p>\n<p>&nbsp;<\/p>\n<p>Sandra Echeverr\u00eda habl\u00f3 con la prensa sobre los obsequios que planeaba darle a su esposo, Leonardo de Lozanne para celebrar el D\u00eda del Padre.<\/p>\n<p>Para la actriz, lo m\u00e1s importante es disfrutar instantes significativos junto a su familia, por lo que ha considerado regalos que, adem\u00e1s de agasajarlo, fortalezcan su v\u00ednculo.<\/p>\n<p><strong><em>\u201cPues yo creo que un momento bonito, algo que podamos compartir juntos, un viajecito, una comida, cosillas as\u00ed, \u00bfno?\u201d,\u00a0<\/em><\/strong>declar\u00f3 la famosa durante su arribo al aeropuerto de la Ciudad de M\u00e9xico.<\/p>\n<div id=\"eldia-4276857124\" class=\"eldia-contenido eldia-target\" data-eldia-trackid=\"1573641\" data-eldia-trackbid=\"1\"><\/div>\n<div id=\"eldia-571801644\" class=\"eldia-contenido-2 eldia-target\" data-eldia-trackid=\"1765657\" data-eldia-trackbid=\"1\"><\/div>\n<p>M\u00e1s all\u00e1 de los festejos, Sandra se mostr\u00f3 agradecida por la estabilidad que ha logrado en su vida familiar, despu\u00e9s de sus anuncios de separaci\u00f3n con el vocalista del grupo Fobia.<\/p>\n<p><strong><em>\u201cS\u00ed, bien, muy contentos, gracias a Dios. Muchas gracias\u201d,\u00a0<\/em><\/strong>expres\u00f3 con una gran sonrisa la protagonista de telenovelas como \u201cEl clon\u201d o \u201cLa fuerza del destino\u201d.<\/p>\n<p>Tras haber pasado una larga temporada en Estados Unidos, Echeverr\u00eda reconoci\u00f3 que no descarta la posibilidad de volver a trabajar en Hollywood. Aunque, por ahora, prefiere enfocarse en su carrera en M\u00e9xico.<\/p>\n<div class=\"stream-item stream-item-in-post stream-item-inline-post aligncenter\">\n<div class=\"stream-item-size\"><\/div>\n<\/div>\n<p><strong><em>\u201cNo, no, no, ya no, ya no. Viv\u00ed all\u00e1 muchos a\u00f1os, pero ya con mi hijo y todo, quiero que crezca ac\u00e1. S\u00ed, tomamos la decisi\u00f3n de que crezca ac\u00e1; los hijos de Leo est\u00e1n ac\u00e1, as\u00ed es que seguiremos ac\u00e1. Si de repente salen proyectos, vamos y regresamos\u201d,<\/em><\/strong>\u00a0asever\u00f3.<\/p>\n<p>Al hablar sobre la situaci\u00f3n que enfrentan los latinos en Estados Unidos y la reciente cancelaci\u00f3n de visas a varios artistas, Sandra expuso su preocupaci\u00f3n ante el panorama actual.<\/p>\n<p><strong><em>\u201cYa s\u00e9, no, est\u00e1 tremendo. Nosotros tenemos residencia; me da miedo ir a Estados Unidos y que tambi\u00e9n me la quieran quitar, \u00bfsabes? Y son cosas, tr\u00e1mites que nos han llevado muchos a\u00f1os sacar gracias al trabajo que llevamos metiendo tambi\u00e9n en Estados Unidos durante 10 o m\u00e1s a\u00f1os\u201d,<\/em><\/strong>\u00a0indic\u00f3.<\/p>\n<p>En el \u00e1mbito profesional, Echeverr\u00eda finaliz\u00f3 recientemente su participaci\u00f3n en una serie, lo que le permitir\u00e1 concentrarse nuevamente en su faceta musical.<\/p>\n<p><strong><em>\u201cSaqu\u00e9 un sencillo hace una semana, se llama \u2018No me alcanza\u2019. No pude hacer promoci\u00f3n porque estaba filmando, pero, pues bueno, yo sigo sacando m\u00fasica cada vez que puedo\u201d,<\/em><\/strong>\u00a0culmin\u00f3.<\/p>\n","protected":false},"excerpt":{"rendered":"<p>Agencia M\u00e9xico &nbsp; Sandra Echeverr\u00eda habl\u00f3 con la prensa sobre los obsequios que planeaba darle a su esposo, Leonardo de Lozanne para celebrar el D\u00eda del Padre. Para la actriz, lo m\u00e1s importante es disfrutar instantes significativos junto a su familia, por lo que ha considerado regalos que, adem\u00e1s de agasajarlo, fortalezcan su v\u00ednculo. \u201cPues [&hellip;]<\/p>\n","protected":false},"author":2,"featured_media":221672,"comment_status":"closed","ping_status":"closed","sticky":false,"template":"","format":"standard","meta":{"footnotes":""},"categories":[12870,219],"tags":[12865,12875],"class_list":["post-221671","post","type-post","status-publish","format-standard","has-post-thumbnail","hentry","category-destacadas","category-espectaculos","tag-destacadas","tag-espectaculos"],"jetpack_featured_media_url":"https:\/\/rnoticias.com.mx\/Portal\/wp-content\/uploads\/2025\/06\/descarga-8.jpg","amp_enabled":true,"_links":{"self":[{"href":"https:\/\/rnoticias.com.mx\/Portal\/wp-json\/wp\/v2\/posts\/221671","targetHints":{"allow":["GET"]}}],"collection":[{"href":"https:\/\/rnoticias.com.mx\/Portal\/wp-json\/wp\/v2\/posts"}],"about":[{"href":"https:\/\/rnoticias.com.mx\/Portal\/wp-json\/wp\/v2\/types\/post"}],"author":[{"embeddable":true,"href":"https:\/\/rnoticias.com.mx\/Portal\/wp-json\/wp\/v2\/users\/2"}],"replies":[{"embeddable":true,"href":"https:\/\/rnoticias.com.mx\/Portal\/wp-json\/wp\/v2\/comments?post=221671"}],"version-history":[{"count":1,"href":"https:\/\/rnoticias.com.mx\/Portal\/wp-json\/wp\/v2\/posts\/221671\/revisions"}],"predecessor-version":[{"id":221673,"href":"https:\/\/rnoticias.com.mx\/Portal\/wp-json\/wp\/v2\/posts\/221671\/revisions\/221673"}],"wp:featuredmedia":[{"embeddable":true,"href":"https:\/\/rnoticias.com.mx\/Portal\/wp-json\/wp\/v2\/media\/221672"}],"wp:attachment":[{"href":"https:\/\/rnoticias.com.mx\/Portal\/wp-json\/wp\/v2\/media?parent=221671"}],"wp:term":[{"taxonomy":"category","embeddable":true,"href":"https:\/\/rnoticias.com.mx\/Portal\/wp-json\/wp\/v2\/categories?post=221671"},{"taxonomy":"post_tag","embeddable":true,"href":"https:\/\/rnoticias.com.mx\/Portal\/wp-json\/wp\/v2\/tags?post=221671"}],"curies":[{"name":"wp","href":"https:\/\/api.w.org\/{rel}","templated":true}]}}