{"id":221668,"date":"2025-06-16T13:43:47","date_gmt":"2025-06-16T20:43:47","guid":{"rendered":"https:\/\/rnoticias.com.mx\/Portal\/?p=221668"},"modified":"2025-06-16T13:43:47","modified_gmt":"2025-06-16T20:43:47","slug":"condenan-por-delito-de-odio-en-espana-a-aficionados-que-colgaron-efigie-de-vinicius","status":"publish","type":"post","link":"https:\/\/rnoticias.com.mx\/Portal\/2025\/06\/16\/condenan-por-delito-de-odio-en-espana-a-aficionados-que-colgaron-efigie-de-vinicius\/","title":{"rendered":"Condenan por delito de odio en Espa\u00f1a a aficionados que colgaron efigie de Vin\u00edcius"},"content":{"rendered":"<p><strong>Un tribunal espa\u00f1ol conden\u00f3 a cuatro personas que colgaron un mu\u00f1eco con la figura del astro del Real Madrid, Vin\u00edcius J\u00fanior, de un puente hace dos a\u00f1os, inform\u00f3 el lunes la liga.<\/strong><\/p>\n<p>Los acusados fueron declarados culpables de delitos de odio tras colgar en la capital espa\u00f1ola una figura negra, con el nombre de Vin\u00edcius, antes de un partido de la Copa del Rey contra el rival Atl\u00e9tico de Madrid en enero del 2023.<\/p>\n<p>Junto con el mu\u00f1eco, colgado por el cuello, hab\u00eda una pancarta con las palabras\u00a0<strong>\u201cMadrid odia al Real\u201d.<\/strong><\/p>\n<div id=\"eldia-1386884691\" class=\"eldia-contenido eldia-target\" data-eldia-trackid=\"1573641\" data-eldia-trackbid=\"1\"><\/div>\n<div id=\"eldia-453257904\" class=\"eldia-contenido-2 eldia-target\" data-eldia-trackid=\"1765657\" data-eldia-trackbid=\"1\"><\/div>\n<p>Uno de los acusados, que difundi\u00f3 im\u00e1genes del acto en l\u00ednea,\u00a0<strong>fue sentenciado a 15 meses de prisi\u00f3n por un delito de odio y siete meses por amenazas.<\/strong><\/p>\n<p>Los otros tres acusados fueron sentenciados cada uno a siete meses de prisi\u00f3n por delitos de odio y siete meses por amenazas. Los cuatro deben completar un programa de formaci\u00f3n sobre igualdad de trato y no discriminaci\u00f3n para que se suspendan sus penas de prisi\u00f3n.<\/p>\n<p><strong>Adem\u00e1s, fueron multados y se les prohibi\u00f3 acercarse a menos de 1.000 metros de Vin\u00edcius, su residencia y el centro de entrenamiento del Madrid. Tampoco pueden acercarse a menos de 1.000 metros de los estadios de f\u00fatbol desde cuatro horas antes y hasta cuatro horas despu\u00e9s de los partidos organizados por la liga o la federaci\u00f3n espa\u00f1ola de f\u00fatbol.<\/strong><\/p>\n<div class=\"stream-item stream-item-in-post stream-item-inline-post aligncenter\">\n<div class=\"stream-item-size\"><\/div>\n<\/div>\n<p>Tambi\u00e9n se les prohibi\u00f3 tener cualquier forma de comunicaci\u00f3n con Vin\u00edcius por un per\u00edodo de cuatro a\u00f1os a partir del final de la condena de prisi\u00f3n.<\/p>\n<p>Los fiscales hab\u00edan dicho que las cuatro personas pertenec\u00edan a un grupo de aficionados radicales del Atl\u00e9tico que est\u00e1\u00a0<strong><em>\u201cideol\u00f3gicamente identificado con la extrema derecha\u201d.<\/em><\/strong><\/p>\n<p>Todos los acusados firmaron una carta de disculpa dirigida a Vin\u00edcius, al Real Madrid, a la liga espa\u00f1ola y a la federaci\u00f3n espa\u00f1ola, lo que llev\u00f3 a una mitigaci\u00f3n por reparaci\u00f3n del da\u00f1o.<\/p>\n<p><strong>La liga espa\u00f1ola fue parte del caso como acusaci\u00f3n particular.<\/strong><\/p>\n<p>En mayo, cinco aficionados del Valladolid que insultaron racialmente a Vin\u00edcius en 2022 fueron declarados culpables por un delito de odio. La liga dijo en ese momento que era la primera sentencia en Espa\u00f1a que condenaba insultos racistas en un estadio de f\u00fatbol.<\/p>\n<p>El a\u00f1o pasado, tres aficionados del Valencia recibieron sentencias de prisi\u00f3n de ocho meses tras declararse culpables de insultar racialmente a Vin\u00edcius en un partido de 2023, en lo que hab\u00eda sido la primera condena por casos relacionados con el racismo en el f\u00fatbol profesional en Espa\u00f1a, aunque no se bas\u00f3 en un delito de odio.<\/p>\n<p><strong>Los aficionados del Valencia fueron condenados por un delito contra la integridad moral, con la circunstancia agravante de discriminaci\u00f3n por motivos racistas.<\/strong><\/p>\n","protected":false},"excerpt":{"rendered":"<p>Un tribunal espa\u00f1ol conden\u00f3 a cuatro personas que colgaron un mu\u00f1eco con la figura del astro del Real Madrid, Vin\u00edcius J\u00fanior, de un puente hace dos a\u00f1os, inform\u00f3 el lunes la liga. Los acusados fueron declarados culpables de delitos de odio tras colgar en la capital espa\u00f1ola una figura negra, con el nombre de Vin\u00edcius, [&hellip;]<\/p>\n","protected":false},"author":2,"featured_media":221669,"comment_status":"closed","ping_status":"closed","sticky":false,"template":"","format":"standard","meta":{"footnotes":""},"categories":[188,12870],"tags":[5231,12865],"class_list":["post-221668","post","type-post","status-publish","format-standard","has-post-thumbnail","hentry","category-deportes","category-destacadas","tag-deportes","tag-destacadas"],"jetpack_featured_media_url":"https:\/\/rnoticias.com.mx\/Portal\/wp-content\/uploads\/2025\/06\/74e9cdeb5d9de309235a328b00ad76ea.jpg","amp_enabled":true,"_links":{"self":[{"href":"https:\/\/rnoticias.com.mx\/Portal\/wp-json\/wp\/v2\/posts\/221668","targetHints":{"allow":["GET"]}}],"collection":[{"href":"https:\/\/rnoticias.com.mx\/Portal\/wp-json\/wp\/v2\/posts"}],"about":[{"href":"https:\/\/rnoticias.com.mx\/Portal\/wp-json\/wp\/v2\/types\/post"}],"author":[{"embeddable":true,"href":"https:\/\/rnoticias.com.mx\/Portal\/wp-json\/wp\/v2\/users\/2"}],"replies":[{"embeddable":true,"href":"https:\/\/rnoticias.com.mx\/Portal\/wp-json\/wp\/v2\/comments?post=221668"}],"version-history":[{"count":1,"href":"https:\/\/rnoticias.com.mx\/Portal\/wp-json\/wp\/v2\/posts\/221668\/revisions"}],"predecessor-version":[{"id":221670,"href":"https:\/\/rnoticias.com.mx\/Portal\/wp-json\/wp\/v2\/posts\/221668\/revisions\/221670"}],"wp:featuredmedia":[{"embeddable":true,"href":"https:\/\/rnoticias.com.mx\/Portal\/wp-json\/wp\/v2\/media\/221669"}],"wp:attachment":[{"href":"https:\/\/rnoticias.com.mx\/Portal\/wp-json\/wp\/v2\/media?parent=221668"}],"wp:term":[{"taxonomy":"category","embeddable":true,"href":"https:\/\/rnoticias.com.mx\/Portal\/wp-json\/wp\/v2\/categories?post=221668"},{"taxonomy":"post_tag","embeddable":true,"href":"https:\/\/rnoticias.com.mx\/Portal\/wp-json\/wp\/v2\/tags?post=221668"}],"curies":[{"name":"wp","href":"https:\/\/api.w.org\/{rel}","templated":true}]}}