{"id":221665,"date":"2025-06-16T13:42:17","date_gmt":"2025-06-16T20:42:17","guid":{"rendered":"https:\/\/rnoticias.com.mx\/Portal\/?p=221665"},"modified":"2025-06-16T13:42:17","modified_gmt":"2025-06-16T20:42:17","slug":"fortalece-gobierno-de-sonora-desarrollo-agricola-del-valle-de-san-luis-y-mexicali-ues","status":"publish","type":"post","link":"https:\/\/rnoticias.com.mx\/Portal\/2025\/06\/16\/fortalece-gobierno-de-sonora-desarrollo-agricola-del-valle-de-san-luis-y-mexicali-ues\/","title":{"rendered":"Fortalece Gobierno de Sonora desarrollo agr\u00edcola del Valle de San Luis y Mexicali: UES"},"content":{"rendered":"<p>San Luis R\u00edo Colorado, Sonora; 16 de junio de 2025.- Para fortalecer la innovaci\u00f3n agr\u00edcola y elevar la competitividad de las y los productores de d\u00e1til de los valles de San Luis R\u00edo Colorado y Mexicali, el Gobierno de Sonora, a trav\u00e9s de la Universidad Estatal de Sonora (UES), promueve la capacitaci\u00f3n t\u00e9cnica mediante el Primer Curso Internacional de Palma Datilera.<\/p>\n<p>La estrategia busca transferir conocimientos especializados a productoras, productores y personas interesadas en el cultivo del d\u00e1til, en sesiones informativas impartidas por investigadores universitarios e invitados internacionales, en las instalaciones de UES San Luis R\u00edo Colorado y transmitidas en l\u00ednea a trav\u00e9s de la cuenta de Facebook de la universidad.<\/p>\n<p>El curso, impulsado por el Cuerpo Acad\u00e9mico \u201cTecnolog\u00eda Agr\u00edcola y Desarrollo Sustentable\u201d de la UES, cuenta con el respaldo del Premio Internacional Khalifa para la Palma Datilera y la Innovaci\u00f3n Agr\u00edcola, con sede en Emiratos \u00c1rabes Unidos, y de la Red Internacional Mejhoul, organismos reconocidos por fomentar la innovaci\u00f3n en la producci\u00f3n de palma datilera a nivel global.<\/p>\n<p>Ricardo Salom\u00f3n Torres, investigador de la UES y organizador del curso, comparti\u00f3 experiencias sobre el manejo del polen en la palma datilera y tendencias para el mejoramiento de la calidad. Adem\u00e1s, destac\u00f3 que estas acciones permiten mejorar las capacidades t\u00e9cnicas en los productores de la regi\u00f3n, impulsando una agricultura m\u00e1s eficiente, sustentable y con mejores oportunidades para las comunidades de los valles de San Luis y Mexicali.<\/p>\n<p>La primera sesi\u00f3n del curso se realiz\u00f3 el 9 de abril y, adem\u00e1s de la participaci\u00f3n de Salom\u00f3n Torres, cont\u00f3 con la exposici\u00f3n de los investigadores Nohua Moufak Torres, del Ministerio de Agricultura de Marruecos, y Youssef Moufak Torres, fundador y CEO de Aphelion X Innovation, de Marruecos; as\u00ed como de Imene Khelife, autoridad del distintivo Halal en M\u00e9xico, originaria de Argelia, y Quirino Angulo Z\u00fa\u00f1iga, asesor y t\u00e9cnico independiente, quien habl\u00f3 sobre el m\u00e9todo israel\u00ed para el adelgazamiento del racimo.<\/p>\n<p>En la segunda sesi\u00f3n, el 11 de junio, se present\u00f3 el investigador de la UES Yohandri Ruis\u00e1nchez Ortega, as\u00ed como Glenn Wright, del Centro de Agricultura de Yuma, de la Universidad de Arizona; Lorenzo Garc\u00eda Romo y Ana Cristina Estrada Ortiz, agentes FIRA de Mexicali y San Luis; adem\u00e1s de Jos\u00e9 Delatorre Herrera, del N\u00facleo de Investigaci\u00f3n en Agricultura para Ambientes Extremos, de la Universidad Arturo Prat, de Iquique, Chile.<\/p>\n<p>La tercera y cuarta sesi\u00f3n se realizar\u00e1n el 27 de agosto y el 28 de noviembre. Son de acceso gratuito y abordar\u00e1n temas de manejo agron\u00f3mico, postcosecha y comercializaci\u00f3n en mercados internacionales.<\/p>\n","protected":false},"excerpt":{"rendered":"<p>San Luis R\u00edo Colorado, Sonora; 16 de junio de 2025.- Para fortalecer la innovaci\u00f3n agr\u00edcola y elevar la competitividad de las y los productores de d\u00e1til de los valles de San Luis R\u00edo Colorado y Mexicali, el Gobierno de Sonora, a trav\u00e9s de la Universidad Estatal de Sonora (UES), promueve la capacitaci\u00f3n t\u00e9cnica mediante el [&hellip;]<\/p>\n","protected":false},"author":2,"featured_media":221666,"comment_status":"closed","ping_status":"closed","sticky":false,"template":"","format":"standard","meta":{"footnotes":""},"categories":[12870,174],"tags":[12865,12873],"class_list":["post-221665","post","type-post","status-publish","format-standard","has-post-thumbnail","hentry","category-destacadas","category-estatal","tag-destacadas","tag-estatal"],"jetpack_featured_media_url":"https:\/\/rnoticias.com.mx\/Portal\/wp-content\/uploads\/2025\/06\/unnamed-1-40.jpg","amp_enabled":true,"_links":{"self":[{"href":"https:\/\/rnoticias.com.mx\/Portal\/wp-json\/wp\/v2\/posts\/221665","targetHints":{"allow":["GET"]}}],"collection":[{"href":"https:\/\/rnoticias.com.mx\/Portal\/wp-json\/wp\/v2\/posts"}],"about":[{"href":"https:\/\/rnoticias.com.mx\/Portal\/wp-json\/wp\/v2\/types\/post"}],"author":[{"embeddable":true,"href":"https:\/\/rnoticias.com.mx\/Portal\/wp-json\/wp\/v2\/users\/2"}],"replies":[{"embeddable":true,"href":"https:\/\/rnoticias.com.mx\/Portal\/wp-json\/wp\/v2\/comments?post=221665"}],"version-history":[{"count":1,"href":"https:\/\/rnoticias.com.mx\/Portal\/wp-json\/wp\/v2\/posts\/221665\/revisions"}],"predecessor-version":[{"id":221667,"href":"https:\/\/rnoticias.com.mx\/Portal\/wp-json\/wp\/v2\/posts\/221665\/revisions\/221667"}],"wp:featuredmedia":[{"embeddable":true,"href":"https:\/\/rnoticias.com.mx\/Portal\/wp-json\/wp\/v2\/media\/221666"}],"wp:attachment":[{"href":"https:\/\/rnoticias.com.mx\/Portal\/wp-json\/wp\/v2\/media?parent=221665"}],"wp:term":[{"taxonomy":"category","embeddable":true,"href":"https:\/\/rnoticias.com.mx\/Portal\/wp-json\/wp\/v2\/categories?post=221665"},{"taxonomy":"post_tag","embeddable":true,"href":"https:\/\/rnoticias.com.mx\/Portal\/wp-json\/wp\/v2\/tags?post=221665"}],"curies":[{"name":"wp","href":"https:\/\/api.w.org\/{rel}","templated":true}]}}