{"id":221656,"date":"2025-06-16T13:23:05","date_gmt":"2025-06-16T20:23:05","guid":{"rendered":"https:\/\/rnoticias.com.mx\/Portal\/?p=221656"},"modified":"2025-06-16T13:23:05","modified_gmt":"2025-06-16T20:23:05","slug":"van-gisbergen-gana-la-nascar-cup-series-mexico","status":"publish","type":"post","link":"https:\/\/rnoticias.com.mx\/Portal\/2025\/06\/16\/van-gisbergen-gana-la-nascar-cup-series-mexico\/","title":{"rendered":"Van Gisbergen gana la Nascar Cup Series M\u00e9xico"},"content":{"rendered":"<p>El piloto neozeland\u00e9s\u00a0<strong>Shane Van Gisbergen<\/strong>, del\u00a0<strong>Trackhouse Racing<\/strong>, gan\u00f3 este domingo en la\u00a0<strong>Nascar Cup Series<\/strong>\u00a0que se realiz\u00f3 en la\u00a0<strong>Ciudad de M\u00e9xico<\/strong>; mientras que su\u00a0<strong>coequipero<\/strong>, el mexicano\u00a0<strong>Daniel Su\u00e1rez<\/strong>, termin\u00f3 decimonoveno.<\/p>\n<div class=\"jeg_ad jeg_ad_article jnews_content_inline_ads  \"><\/div>\n<div id=\"standard_2\" class=\"st-placement standard_2 inArticle\">\n<div class=\"st-adunit-inarticle st-inarticle-slot\">\n<div class=\"st-adunit st-adunit-tagged st-reset st-show\">\n<div class=\"st-adunit-ad st-reset\">\n<div class=\"st-display-render st-reset open 300x600\">\n<div class=\"st-canvas st-reset horizontal-static\">\n<div class=\"x-to-close st-reset\">\n<p>En la carrera llamada \u2018<strong>Viva M\u00e9xico 250<\/strong>\u2018, fecha 16 de la categor\u00eda, efectuada en el Aut\u00f3<strong>dromo Hermanos Rodr\u00edguez<\/strong>,\u00a0<strong>Van Gisbergen<\/strong>\u00a0corrobor\u00f3 el dominio impuesto en la clasificaci\u00f3n del s\u00e1bado que le permiti\u00f3 largar primero.<\/p>\n<\/div>\n<\/div>\n<\/div>\n<\/div>\n<\/div>\n<\/div>\n<\/div>\n","protected":false},"excerpt":{"rendered":"<p>El piloto neozeland\u00e9s\u00a0Shane Van Gisbergen, del\u00a0Trackhouse Racing, gan\u00f3 este domingo en la\u00a0Nascar Cup Series\u00a0que se realiz\u00f3 en la\u00a0Ciudad de M\u00e9xico; mientras que su\u00a0coequipero, el mexicano\u00a0Daniel Su\u00e1rez, termin\u00f3 decimonoveno. En la carrera llamada \u2018Viva M\u00e9xico 250\u2018, fecha 16 de la categor\u00eda, efectuada en el Aut\u00f3dromo Hermanos Rodr\u00edguez,\u00a0Van Gisbergen\u00a0corrobor\u00f3 el dominio impuesto en la clasificaci\u00f3n del s\u00e1bado [&hellip;]<\/p>\n","protected":false},"author":2,"featured_media":221657,"comment_status":"closed","ping_status":"closed","sticky":false,"template":"","format":"standard","meta":{"footnotes":""},"categories":[188,12870],"tags":[5231,12865],"class_list":["post-221656","post","type-post","status-publish","format-standard","has-post-thumbnail","hentry","category-deportes","category-destacadas","tag-deportes","tag-destacadas"],"jetpack_featured_media_url":"https:\/\/rnoticias.com.mx\/Portal\/wp-content\/uploads\/2025\/06\/unnamed-66.jpg","amp_enabled":true,"_links":{"self":[{"href":"https:\/\/rnoticias.com.mx\/Portal\/wp-json\/wp\/v2\/posts\/221656","targetHints":{"allow":["GET"]}}],"collection":[{"href":"https:\/\/rnoticias.com.mx\/Portal\/wp-json\/wp\/v2\/posts"}],"about":[{"href":"https:\/\/rnoticias.com.mx\/Portal\/wp-json\/wp\/v2\/types\/post"}],"author":[{"embeddable":true,"href":"https:\/\/rnoticias.com.mx\/Portal\/wp-json\/wp\/v2\/users\/2"}],"replies":[{"embeddable":true,"href":"https:\/\/rnoticias.com.mx\/Portal\/wp-json\/wp\/v2\/comments?post=221656"}],"version-history":[{"count":1,"href":"https:\/\/rnoticias.com.mx\/Portal\/wp-json\/wp\/v2\/posts\/221656\/revisions"}],"predecessor-version":[{"id":221658,"href":"https:\/\/rnoticias.com.mx\/Portal\/wp-json\/wp\/v2\/posts\/221656\/revisions\/221658"}],"wp:featuredmedia":[{"embeddable":true,"href":"https:\/\/rnoticias.com.mx\/Portal\/wp-json\/wp\/v2\/media\/221657"}],"wp:attachment":[{"href":"https:\/\/rnoticias.com.mx\/Portal\/wp-json\/wp\/v2\/media?parent=221656"}],"wp:term":[{"taxonomy":"category","embeddable":true,"href":"https:\/\/rnoticias.com.mx\/Portal\/wp-json\/wp\/v2\/categories?post=221656"},{"taxonomy":"post_tag","embeddable":true,"href":"https:\/\/rnoticias.com.mx\/Portal\/wp-json\/wp\/v2\/tags?post=221656"}],"curies":[{"name":"wp","href":"https:\/\/api.w.org\/{rel}","templated":true}]}}