{"id":221650,"date":"2025-06-16T13:18:23","date_gmt":"2025-06-16T20:18:23","guid":{"rendered":"https:\/\/rnoticias.com.mx\/Portal\/?p=221650"},"modified":"2025-06-16T13:18:23","modified_gmt":"2025-06-16T20:18:23","slug":"wendy-guevara-revela-si-paola-suarez-y-karina-tores-van-a-la-casa-de-los-famosos-mexico","status":"publish","type":"post","link":"https:\/\/rnoticias.com.mx\/Portal\/2025\/06\/16\/wendy-guevara-revela-si-paola-suarez-y-karina-tores-van-a-la-casa-de-los-famosos-mexico\/","title":{"rendered":"Wendy Guevara revela si Paola Su\u00e1rez y Karina Tores van a La Casa de los Famosos M\u00e9xico"},"content":{"rendered":"<p>Falta poco m\u00e1s de un mes para que\u00a0<strong>Televisa<\/strong>\u00a0estrene la esperada tercera temporada de \u201c<strong>La Casa de los Famosos M\u00e9xico<\/strong>\u201d por lo que en redes sociales circulan los posibles nombres de los participantes.<\/p>\n<div class=\"jeg_ad jeg_ad_article jnews_content_inline_ads  \"><\/div>\n<p>Entre las celebridades que se encuentran en \u2018boca de todos\u2019 como pr\u00f3ximas habitantes de \u201cLa Casa de los Famosos M\u00e9xico\u201d resaltan las influencers trans\u00a0<strong>Paola Su\u00e1rez<\/strong>\u00a0y\u00a0<strong>Karina Torres<\/strong>, ambas son amigas de la tambi\u00e9n creadora de contenido trans\u00a0<strong>Wendy Guevara<\/strong>, quien gan\u00f3 la primera temporada del reality show en 2023.<\/p>\n<p>Gracias a su personalidad irreverente, carism\u00e1tica, divertida, directa y sin \u2018pelos en la lengua\u2019, Wendy Guevara conquist\u00f3 la televisi\u00f3n mexicana e hizo historia al convertirse en la primera famosa trans en ganar un programa de Televisa.<\/p>\n<p>Debido a esto se cree que la televisora m\u00e1s famosa del Pa\u00eds busca repetir la f\u00f3rmula del \u00e9xito en la tercera temporada de \u201cLa Casa de los Famosos M\u00e9xico\u201d, sin embargo, la misma Wendy Guevara revela si Paola Su\u00e1rez y Karina Tores seguir\u00e1n sus pasos.<\/p>\n<p>Durante un encuentro reciente con la prensa de espect\u00e1culos, la creadora de contenido, originaria de Le\u00f3n, Guanajuato, asegur\u00f3 que al contrario, Televisa no quiere repetir la f\u00f3rmula de la primera temporada, de modo que ninguna de sus amigas estar\u00e1 en la pr\u00f3xima edici\u00f3n.<\/p>\n<blockquote><p>Ninguna de nosotras, las del clan, estar\u00e1 en esta temporada. Dicen que no quieren repetir la f\u00f3rmula\u201d, declar\u00f3 Wendy Guevara.<\/p><\/blockquote>\n<p>Otra de sus amigas es\u00a0<strong>Kimberly Irene<\/strong>, apodada como \u00abLa m\u00e1s preciosa\u00bb, sin embargo, en los \u00faltimos a\u00f1os, se han distanciado; en redes sociales aseguran que a Kimberly Irene se le subi\u00f3 la fama y ya no es la misma influencer que hac\u00eda re\u00edr en las transmisiones en vivo de Wendy Guevara.<\/p>\n","protected":false},"excerpt":{"rendered":"<p>Falta poco m\u00e1s de un mes para que\u00a0Televisa\u00a0estrene la esperada tercera temporada de \u201cLa Casa de los Famosos M\u00e9xico\u201d por lo que en redes sociales circulan los posibles nombres de los participantes. Entre las celebridades que se encuentran en \u2018boca de todos\u2019 como pr\u00f3ximas habitantes de \u201cLa Casa de los Famosos M\u00e9xico\u201d resaltan las influencers [&hellip;]<\/p>\n","protected":false},"author":2,"featured_media":0,"comment_status":"closed","ping_status":"closed","sticky":false,"template":"","format":"standard","meta":{"footnotes":""},"categories":[12870,219],"tags":[12865,12875],"class_list":["post-221650","post","type-post","status-publish","format-standard","hentry","category-destacadas","category-espectaculos","tag-destacadas","tag-espectaculos"],"jetpack_featured_media_url":"","amp_enabled":true,"_links":{"self":[{"href":"https:\/\/rnoticias.com.mx\/Portal\/wp-json\/wp\/v2\/posts\/221650","targetHints":{"allow":["GET"]}}],"collection":[{"href":"https:\/\/rnoticias.com.mx\/Portal\/wp-json\/wp\/v2\/posts"}],"about":[{"href":"https:\/\/rnoticias.com.mx\/Portal\/wp-json\/wp\/v2\/types\/post"}],"author":[{"embeddable":true,"href":"https:\/\/rnoticias.com.mx\/Portal\/wp-json\/wp\/v2\/users\/2"}],"replies":[{"embeddable":true,"href":"https:\/\/rnoticias.com.mx\/Portal\/wp-json\/wp\/v2\/comments?post=221650"}],"version-history":[{"count":1,"href":"https:\/\/rnoticias.com.mx\/Portal\/wp-json\/wp\/v2\/posts\/221650\/revisions"}],"predecessor-version":[{"id":221652,"href":"https:\/\/rnoticias.com.mx\/Portal\/wp-json\/wp\/v2\/posts\/221650\/revisions\/221652"}],"wp:attachment":[{"href":"https:\/\/rnoticias.com.mx\/Portal\/wp-json\/wp\/v2\/media?parent=221650"}],"wp:term":[{"taxonomy":"category","embeddable":true,"href":"https:\/\/rnoticias.com.mx\/Portal\/wp-json\/wp\/v2\/categories?post=221650"},{"taxonomy":"post_tag","embeddable":true,"href":"https:\/\/rnoticias.com.mx\/Portal\/wp-json\/wp\/v2\/tags?post=221650"}],"curies":[{"name":"wp","href":"https:\/\/api.w.org\/{rel}","templated":true}]}}