{"id":221644,"date":"2025-06-16T13:15:11","date_gmt":"2025-06-16T20:15:11","guid":{"rendered":"https:\/\/rnoticias.com.mx\/Portal\/?p=221644"},"modified":"2025-06-16T13:15:11","modified_gmt":"2025-06-16T20:15:11","slug":"iran-pide-la-evacuacion-de-tel-aviv-ante-nuevos-ataques","status":"publish","type":"post","link":"https:\/\/rnoticias.com.mx\/Portal\/2025\/06\/16\/iran-pide-la-evacuacion-de-tel-aviv-ante-nuevos-ataques\/","title":{"rendered":"Ir\u00e1n pide la evacuaci\u00f3n de Tel Aviv ante nuevos ataques"},"content":{"rendered":"<p>Ir\u00e1n advirti\u00f3 este lunes a los residentes de\u00a0Tel Aviv\u00a0de que evac\u00faen inmediatamente las partes de la ciudad donde haya infraestructura militar ante la posibilidad de nuevos ataques, seg\u00fan la televisi\u00f3n Press TV.<\/p>\n<div class=\"jeg_ad jeg_ad_article jnews_content_inline_ads  \"><\/div>\n<p>Las autoridades iran\u00edes pidieron la evacuaci\u00f3n de las zonas de la ciudad israel\u00ed pr\u00f3ximas a infraestructura militar.<\/p>\n<p>El Ej\u00e9rcito iran\u00ed tambi\u00e9n avis\u00f3 el domingo por la noche antes de lanzar los \u00faltimos ataques que han dejado ocho personas muertas en Haifa (norte) y en los alrededores de Tel Aviv.<\/p>\n<p>Los equipos de b\u00fasqueda y rescate recuperaron el lunes por la ma\u00f1ana en Haifa los cad\u00e1veres de tres personas, que se encontraban en paradero desconocido, tras los ataques iran\u00edes ocurridos varias horas antes. Poco antes, agentes de Polic\u00eda hallaron el cuerpo sin vida de un anciano en Bnei Brak, cerca de Tel Aviv, en el edificio adyacente a uno impactado por un misil.<\/p>\n<p>Los servicios de emergencias ya hab\u00edan confirmado anoche la muerte de dos hombres y dos mujeres, en principio todos de unos 70 a\u00f1os, tras impactos en al menos un edificio de unas 20 plantas en Petah Tikva, urbe a unos 10 kil\u00f3metros al este de Tel Aviv.<\/p>\n<p>Desde la madrugada del jueves, Israel est\u00e1 llevando a cabo una campa\u00f1a masiva de bombardeos contra diferentes puntos de Ir\u00e1n, que ya han causado 224 muertos y m\u00e1s de un millar de heridos, seg\u00fan las autoridades iran\u00edes.<\/p>\n<p>El Gobierno del primer ministro israel\u00ed, Benjam\u00edn Netanyahu, justific\u00f3 el inicio de esta ofensiva asegurando que su inteligencia ten\u00eda constancia de que el r\u00e9gimen iran\u00ed estaba avanzando en el plan para desarrollar una bomba nuclear.<\/p>\n<p>En el lado israel\u00ed, los ataques iran\u00edes lanzados en los \u00faltimos tres d\u00edas como respuesta han matado al menos a 24 personas, seg\u00fan los datos ofrecidos hasta esta ma\u00f1ana por la Oficina del primer ministro israel\u00ed.<\/p>\n<p>Al menos ocho de ellos han muerto esta pasada madrugada por el impacto de los misiles bal\u00edsticos en dos edificios del centro y del norte del pa\u00eds, inform\u00f3 el servicio de emergencias israel\u00ed.<\/p>\n","protected":false},"excerpt":{"rendered":"<p>Ir\u00e1n advirti\u00f3 este lunes a los residentes de\u00a0Tel Aviv\u00a0de que evac\u00faen inmediatamente las partes de la ciudad donde haya infraestructura militar ante la posibilidad de nuevos ataques, seg\u00fan la televisi\u00f3n Press TV. Las autoridades iran\u00edes pidieron la evacuaci\u00f3n de las zonas de la ciudad israel\u00ed pr\u00f3ximas a infraestructura militar. El Ej\u00e9rcito iran\u00ed tambi\u00e9n avis\u00f3 el [&hellip;]<\/p>\n","protected":false},"author":2,"featured_media":221645,"comment_status":"closed","ping_status":"closed","sticky":false,"template":"","format":"standard","meta":{"footnotes":""},"categories":[12870,182],"tags":[12865,12871],"class_list":["post-221644","post","type-post","status-publish","format-standard","has-post-thumbnail","hentry","category-destacadas","category-internacional","tag-destacadas","tag-internacional"],"jetpack_featured_media_url":"https:\/\/rnoticias.com.mx\/Portal\/wp-content\/uploads\/2025\/06\/atques.webp","amp_enabled":true,"_links":{"self":[{"href":"https:\/\/rnoticias.com.mx\/Portal\/wp-json\/wp\/v2\/posts\/221644","targetHints":{"allow":["GET"]}}],"collection":[{"href":"https:\/\/rnoticias.com.mx\/Portal\/wp-json\/wp\/v2\/posts"}],"about":[{"href":"https:\/\/rnoticias.com.mx\/Portal\/wp-json\/wp\/v2\/types\/post"}],"author":[{"embeddable":true,"href":"https:\/\/rnoticias.com.mx\/Portal\/wp-json\/wp\/v2\/users\/2"}],"replies":[{"embeddable":true,"href":"https:\/\/rnoticias.com.mx\/Portal\/wp-json\/wp\/v2\/comments?post=221644"}],"version-history":[{"count":1,"href":"https:\/\/rnoticias.com.mx\/Portal\/wp-json\/wp\/v2\/posts\/221644\/revisions"}],"predecessor-version":[{"id":221646,"href":"https:\/\/rnoticias.com.mx\/Portal\/wp-json\/wp\/v2\/posts\/221644\/revisions\/221646"}],"wp:featuredmedia":[{"embeddable":true,"href":"https:\/\/rnoticias.com.mx\/Portal\/wp-json\/wp\/v2\/media\/221645"}],"wp:attachment":[{"href":"https:\/\/rnoticias.com.mx\/Portal\/wp-json\/wp\/v2\/media?parent=221644"}],"wp:term":[{"taxonomy":"category","embeddable":true,"href":"https:\/\/rnoticias.com.mx\/Portal\/wp-json\/wp\/v2\/categories?post=221644"},{"taxonomy":"post_tag","embeddable":true,"href":"https:\/\/rnoticias.com.mx\/Portal\/wp-json\/wp\/v2\/tags?post=221644"}],"curies":[{"name":"wp","href":"https:\/\/api.w.org\/{rel}","templated":true}]}}