{"id":221641,"date":"2025-06-16T13:14:14","date_gmt":"2025-06-16T20:14:14","guid":{"rendered":"https:\/\/rnoticias.com.mx\/Portal\/?p=221641"},"modified":"2025-06-16T13:14:14","modified_gmt":"2025-06-16T20:14:14","slug":"papa-leon-xiv-pide-la-paz-en-medio-oriente-ucrania-y-en-otros-conflictos","status":"publish","type":"post","link":"https:\/\/rnoticias.com.mx\/Portal\/2025\/06\/16\/papa-leon-xiv-pide-la-paz-en-medio-oriente-ucrania-y-en-otros-conflictos\/","title":{"rendered":"Papa Le\u00f3n XIV pide la paz en Medio Oriente, Ucrania y en otros conflictos"},"content":{"rendered":"<p>El papa Le\u00f3n XIV realiz\u00f3 este domingo un llamamiento para la paz en Medio Oriente, en Ucrania y en otros lugares como Birmania, Ben\u00edn y Sudan, as\u00ed como record\u00f3 la masacre en Nigeria en la que murieron 200 desplazados en una misi\u00f3n cat\u00f3lica, durante el rezo del \u00e1ngelus en la Plaza de San Pedro.<\/p>\n<div class=\"jeg_ad jeg_ad_article jnews_content_inline_ads  \"><\/div>\n<p>El papa, que celebr\u00f3 este domingo la misa en ocasi\u00f3n del Jubileo del Deporte, afirm\u00f3 que la pr\u00e1ctica deportiva \u201ces un camino para construir la paz\u201d y que \u201cel mundo tiene hoy una gran necesidad de esto, ya que hay muchos conflictos armados\u201d.<\/p>\n<p>\u201cSigamos rezando por la paz en Medio Oriente, en Ucrania y en todo el mundo\u201d, dijo el papa durante el \u00e1ngelus ante las miles de personas que a pesar del calor intenso acudieron a la Plaza de San Pedro.<\/p>\n<p>El pont\u00edfice estadounidense comenz\u00f3 citando a Birmania donde \u201ca pesar del alto al fuego, los combates contin\u00faan con da\u00f1os incluso a las infraestructuras civiles\u201d y realiz\u00f3 un llamamiento a todas las partes\u201d para que tomen el camino del di\u00e1logo, que es el \u00fanico que puede conducir a una soluci\u00f3n pac\u00edfica y estable\u201d.<\/p>\n<p>Tambi\u00e9n record\u00f3 que en la noche del 13 al 14 de junio, en la localidad de Yelewata, estado de Benue, en Nigeria, \u201cse produjo una terrible masacre en la que fueron asesinadas con extrema crueldad unas 200 personas. La mayor\u00eda de ellas eran desplazados internos acogidos por la misi\u00f3n cat\u00f3lica local\u201d.<\/p>\n<p>\u201cRezo para que la seguridad, la justicia y la paz prevalezcan en Nigeria, un pa\u00eds querido y tan afectado por diversas formas de violencia\u201d, agreg\u00f3.<\/p>\n<p>Tambi\u00e9n rez\u00f3 \u201cpor las comunidades cristianas rurales en Ben\u00edn que han sido v\u00edctimas de la violencia\u201d, y por la Rep\u00fablica de Sud\u00e1n, \u201casolada desde hace dos a\u00f1os por la violencia\u201d.<\/p>\n<p>\u201cRenuevo mi llamamiento a los combatientes para que dejen de proteger a los civiles y entablen un di\u00e1logo por la paz. Insto a la comunidad internacional a redoblar sus esfuerzos para proporcionar al menos la ayuda esencial a la poblaci\u00f3n duramente golpeada por la grave crisis humanitaria\u201d, pidi\u00f3 el papa.<\/p>\n","protected":false},"excerpt":{"rendered":"<p>El papa Le\u00f3n XIV realiz\u00f3 este domingo un llamamiento para la paz en Medio Oriente, en Ucrania y en otros lugares como Birmania, Ben\u00edn y Sudan, as\u00ed como record\u00f3 la masacre en Nigeria en la que murieron 200 desplazados en una misi\u00f3n cat\u00f3lica, durante el rezo del \u00e1ngelus en la Plaza de San Pedro. El [&hellip;]<\/p>\n","protected":false},"author":2,"featured_media":221642,"comment_status":"closed","ping_status":"closed","sticky":false,"template":"","format":"standard","meta":{"footnotes":""},"categories":[12870,182],"tags":[12865,12871],"class_list":["post-221641","post","type-post","status-publish","format-standard","has-post-thumbnail","hentry","category-destacadas","category-internacional","tag-destacadas","tag-internacional"],"jetpack_featured_media_url":"https:\/\/rnoticias.com.mx\/Portal\/wp-content\/uploads\/2025\/06\/news-big-photo-1750024563.webp","amp_enabled":true,"_links":{"self":[{"href":"https:\/\/rnoticias.com.mx\/Portal\/wp-json\/wp\/v2\/posts\/221641","targetHints":{"allow":["GET"]}}],"collection":[{"href":"https:\/\/rnoticias.com.mx\/Portal\/wp-json\/wp\/v2\/posts"}],"about":[{"href":"https:\/\/rnoticias.com.mx\/Portal\/wp-json\/wp\/v2\/types\/post"}],"author":[{"embeddable":true,"href":"https:\/\/rnoticias.com.mx\/Portal\/wp-json\/wp\/v2\/users\/2"}],"replies":[{"embeddable":true,"href":"https:\/\/rnoticias.com.mx\/Portal\/wp-json\/wp\/v2\/comments?post=221641"}],"version-history":[{"count":1,"href":"https:\/\/rnoticias.com.mx\/Portal\/wp-json\/wp\/v2\/posts\/221641\/revisions"}],"predecessor-version":[{"id":221643,"href":"https:\/\/rnoticias.com.mx\/Portal\/wp-json\/wp\/v2\/posts\/221641\/revisions\/221643"}],"wp:featuredmedia":[{"embeddable":true,"href":"https:\/\/rnoticias.com.mx\/Portal\/wp-json\/wp\/v2\/media\/221642"}],"wp:attachment":[{"href":"https:\/\/rnoticias.com.mx\/Portal\/wp-json\/wp\/v2\/media?parent=221641"}],"wp:term":[{"taxonomy":"category","embeddable":true,"href":"https:\/\/rnoticias.com.mx\/Portal\/wp-json\/wp\/v2\/categories?post=221641"},{"taxonomy":"post_tag","embeddable":true,"href":"https:\/\/rnoticias.com.mx\/Portal\/wp-json\/wp\/v2\/tags?post=221641"}],"curies":[{"name":"wp","href":"https:\/\/api.w.org\/{rel}","templated":true}]}}